{"id":494334,"date":"2025-10-28T01:00:47","date_gmt":"2025-10-28T01:00:47","guid":{"rendered":"https:\/\/www.europesays.com\/fr\/494334\/"},"modified":"2025-10-28T01:00:47","modified_gmt":"2025-10-28T01:00:47","slug":"previsions-du-mardi-28-octobre-2025","status":"publish","type":"post","link":"https:\/\/www.europesays.com\/fr\/494334\/","title":{"rendered":"pr\u00e9visions du mardi 28 octobre 2025"},"content":{"rendered":"<p class=\"mb-4 text-lg md:leading-8 break-words\"><strong>M\u00e9t\u00e9o &#8211; Les nuages en pr\u00e9vision aujourd&rsquo;hui, et un ciel encore maussade. Les temp\u00e9ratures seront de 14\u00b0C le matin et de 15\u00b0C l&rsquo;apr\u00e8s-midi&#8230;<\/strong><\/p>\n<p class=\"mb-4 text-lg md:leading-8 break-words\">On observera la pr\u00e9sence persistante de nuages aujourd&rsquo;hui \u00e0 Rennes. On pr\u00e9voit des temp\u00e9ratures d&rsquo;environ 14\u00b0C. Un vent de sud-ouest rafra\u00eechira un peu l&rsquo;atmosph\u00e8re. Le matin, le soleil sera dissimul\u00e9 derri\u00e8re des nuages. Les valeurs afficheront entre 13\u00b0C et 15\u00b0C. Le soleil aura du mal \u00e0 percer au milieu des nuages qui subsisteront dans l&rsquo;apr\u00e8s-midi. Les temp\u00e9ratures s&rsquo;\u00e9chelonneront entre 14 et 15\u00b0C. La grisaille ne se dissipe toujours pas, il y aura encore de petits nuages le soir. Il va faire 13\u00b0C en moyenne. On pr\u00e9voit une nuit avec un ciel assez limpide.<\/p>\n<p class=\"mb-4 text-lg md:leading-8 break-words\">Avec des nuages demain, \u00e0 Rennes, le ciel sera encore couvert. Le mercure va descendre de quelques degr\u00e9s. Il fera environ 13\u00b0C. Une petite brise de sud-ouest sera ressentie par les habitants. D&rsquo;un autre c\u00f4t\u00e9, le matin, le vent va peu \u00e0 peu \u00e9loigner la grisaille. Le mercure affichera 12\u00b0C en moyenne. Demain apr\u00e8s-midi, l&rsquo;arriv\u00e9e du soleil sera retard\u00e9e par quelques nuages. Des pluies \u00e9parses sont attendues. Les valeurs seront de 12\u00b0C au minimum et de 16\u00b0C au plus haut. Le ciel sera relativement lumineux, avec quelques \u00e9claircies demain soir. Les maximales iront jusqu&rsquo;\u00e0 12\u00b0C et les minimales seront de 11\u00b0C.<\/p>\n<p class=\"mb-4 text-lg md:leading-8 break-words\">Pour les jours qui suivent, la m\u00e9t\u00e9o ne bougera pas. Une m\u00e9t\u00e9o pluvieuse, avec des temp\u00e9ratures de 13\u00b0C en moyenne, est pr\u00e9vue.<\/p>\n<p class=\"mb-4 text-lg md:leading-8 break-words\"><a href=\"https:\/\/www.20minutes.fr\/planete\/previsions-meteo\/4181932-20251028-meteo-rennes-previsions-mardi-28-octobre-2025?at_medium=RSS%20feed&amp;at_campaign=ynews&amp;utm_source=yahoo&amp;utm_medium=rss&amp;utm_campaign=news_feed&amp;utm_content=read_more_link&quot;\" rel=\"nofollow noopener\" target=\"_blank\" data-ylk=\"slk:Lire la suite sur 20minutes;elm:context_link;itc:0;sec:content-canvas\" class=\"link \">Lire la suite sur 20minutes<\/a><\/p>\n","protected":false},"excerpt":{"rendered":"M\u00e9t\u00e9o &#8211; Les nuages en pr\u00e9vision aujourd&rsquo;hui, et un ciel encore maussade. Les temp\u00e9ratures seront de 14\u00b0C le&hellip;\n","protected":false},"author":2,"featured_media":494335,"comment_status":"","ping_status":"","sticky":false,"template":"","format":"standard","meta":{"footnotes":""},"categories":[2821],"tags":[1111,11,829,4512,1777,674,1011,27,44166,12,584,25],"class_list":{"0":"post-494334","1":"post","2":"type-post","3":"status-publish","4":"format-standard","5":"has-post-thumbnail","7":"category-rennes","8":"tag-actu","9":"tag-actualites","10":"tag-bretagne","11":"tag-ciel","12":"tag-eu","13":"tag-europe","14":"tag-fr","15":"tag-france","16":"tag-le-matin","17":"tag-news","18":"tag-rennes","19":"tag-republique-francaise"},"share_on_mastodon":{"url":"https:\/\/pubeurope.com\/@fr\/115449094664593331","error":""},"_links":{"self":[{"href":"https:\/\/www.europesays.com\/fr\/wp-json\/wp\/v2\/posts\/494334","targetHints":{"allow":["GET"]}}],"collection":[{"href":"https:\/\/www.europesays.com\/fr\/wp-json\/wp\/v2\/posts"}],"about":[{"href":"https:\/\/www.europesays.com\/fr\/wp-json\/wp\/v2\/types\/post"}],"author":[{"embeddable":true,"href":"https:\/\/www.europesays.com\/fr\/wp-json\/wp\/v2\/users\/2"}],"replies":[{"embeddable":true,"href":"https:\/\/www.europesays.com\/fr\/wp-json\/wp\/v2\/comments?post=494334"}],"version-history":[{"count":0,"href":"https:\/\/www.europesays.com\/fr\/wp-json\/wp\/v2\/posts\/494334\/revisions"}],"wp:featuredmedia":[{"embeddable":true,"href":"https:\/\/www.europesays.com\/fr\/wp-json\/wp\/v2\/media\/494335"}],"wp:attachment":[{"href":"https:\/\/www.europesays.com\/fr\/wp-json\/wp\/v2\/media?parent=494334"}],"wp:term":[{"taxonomy":"category","embeddable":true,"href":"https:\/\/www.europesays.com\/fr\/wp-json\/wp\/v2\/categories?post=494334"},{"taxonomy":"post_tag","embeddable":true,"href":"https:\/\/www.europesays.com\/fr\/wp-json\/wp\/v2\/tags?post=494334"}],"curies":[{"name":"wp","href":"https:\/\/api.w.org\/{rel}","templated":true}]}}