{"id":494338,"date":"2025-10-28T01:03:14","date_gmt":"2025-10-28T01:03:14","guid":{"rendered":"https:\/\/www.europesays.com\/fr\/494338\/"},"modified":"2025-10-28T01:03:14","modified_gmt":"2025-10-28T01:03:14","slug":"previsions-du-mardi-28-octobre-2025-2","status":"publish","type":"post","link":"https:\/\/www.europesays.com\/fr\/494338\/","title":{"rendered":"pr\u00e9visions du mardi 28 octobre 2025"},"content":{"rendered":"<p>Strasbourg, o\u00f9 des nuages perdureront aujourd&rsquo;hui, continuera de guetter le soleil. Il va pleuvoir. Les valeurs seront de 7\u00b0C au plus bas et de 13\u00b0C au maximum. Une l\u00e9g\u00e8re brise de sud-ouest soufflera. Les maximales atteindront les 12\u00b0C dans la matin\u00e9e alors que les minimales seront de 9\u00b0C. Toujours de la grisaille l&rsquo;apr\u00e8s-midi. Les nuages vont s&rsquo;attarder. Les temp\u00e9ratures seront comprises entre 11\u00b0C et 13\u00b0C. La soir\u00e9e va rester maussade \u00e0 cause de petits nuages qui persistent dans le ciel. Entre mardi et mercredi, la nuit sera l\u00e9g\u00e8rement voil\u00e9e.<\/p>\n<p>Demain, c&rsquo;est une hausse de quelques degr\u00e9s que vont enregistrer les temp\u00e9ratures dans la ville de Strasbourg. Il fera en moyenne 11\u00b0C. Un vent de sud rafra\u00eechira l\u00e9g\u00e8rement l&rsquo;atmosph\u00e8re. Le ciel sera assez lumineux, avec quelques \u00e9claircies le matin. Les valeurs s&rsquo;\u00e9chelonneront entre 7 et 13\u00b0C. Demain apr\u00e8s-midi, on verra l&rsquo;arriv\u00e9e de l\u00e9gers nuages. En revanche, les temp\u00e9ratures vont conna\u00eetre une augmentation de quelques degr\u00e9s. Les valeurs afficheront entre 13 et 15\u00b0C. Demain soir, encore des nuages dans le ciel qui emp\u00eachent le soleil de faire son apparition. De la pluie est pr\u00e9vue. Les valeurs iront de 11 \u00e0 12\u00b0C.<\/p>\n<p>Les journ\u00e9es se suivent mais ne se ressemblent pas. Les conditions m\u00e9t\u00e9orologiques seront changeantes les prochains jours. Une am\u00e9lioration est annonc\u00e9e vendredi, tandis que la journ\u00e9e de jeudi aura \u00e9t\u00e9 pluvieuse.<\/p>\n<p><\/p>\n","protected":false},"excerpt":{"rendered":"Strasbourg, o\u00f9 des nuages perdureront aujourd&rsquo;hui, continuera de guetter le soleil. Il va pleuvoir. Les valeurs seront de&hellip;\n","protected":false},"author":2,"featured_media":494339,"comment_status":"","ping_status":"","sticky":false,"template":"","format":"standard","meta":{"footnotes":""},"categories":[2820],"tags":[1111,11,1777,674,1011,27,775,12,2119,25,640],"class_list":{"0":"post-494338","1":"post","2":"type-post","3":"status-publish","4":"format-standard","5":"has-post-thumbnail","7":"category-strasbourg","8":"tag-actu","9":"tag-actualites","10":"tag-eu","11":"tag-europe","12":"tag-fr","13":"tag-france","14":"tag-grand-est","15":"tag-news","16":"tag-previsions-meteo","17":"tag-republique-francaise","18":"tag-strasbourg"},"share_on_mastodon":{"url":"https:\/\/pubeurope.com\/@fr\/115449102614061694","error":""},"_links":{"self":[{"href":"https:\/\/www.europesays.com\/fr\/wp-json\/wp\/v2\/posts\/494338","targetHints":{"allow":["GET"]}}],"collection":[{"href":"https:\/\/www.europesays.com\/fr\/wp-json\/wp\/v2\/posts"}],"about":[{"href":"https:\/\/www.europesays.com\/fr\/wp-json\/wp\/v2\/types\/post"}],"author":[{"embeddable":true,"href":"https:\/\/www.europesays.com\/fr\/wp-json\/wp\/v2\/users\/2"}],"replies":[{"embeddable":true,"href":"https:\/\/www.europesays.com\/fr\/wp-json\/wp\/v2\/comments?post=494338"}],"version-history":[{"count":0,"href":"https:\/\/www.europesays.com\/fr\/wp-json\/wp\/v2\/posts\/494338\/revisions"}],"wp:featuredmedia":[{"embeddable":true,"href":"https:\/\/www.europesays.com\/fr\/wp-json\/wp\/v2\/media\/494339"}],"wp:attachment":[{"href":"https:\/\/www.europesays.com\/fr\/wp-json\/wp\/v2\/media?parent=494338"}],"wp:term":[{"taxonomy":"category","embeddable":true,"href":"https:\/\/www.europesays.com\/fr\/wp-json\/wp\/v2\/categories?post=494338"},{"taxonomy":"post_tag","embeddable":true,"href":"https:\/\/www.europesays.com\/fr\/wp-json\/wp\/v2\/tags?post=494338"}],"curies":[{"name":"wp","href":"https:\/\/api.w.org\/{rel}","templated":true}]}}