{"id":494344,"date":"2025-10-28T01:06:16","date_gmt":"2025-10-28T01:06:16","guid":{"rendered":"https:\/\/www.europesays.com\/fr\/494344\/"},"modified":"2025-10-28T01:06:16","modified_gmt":"2025-10-28T01:06:16","slug":"municipales-2026-a-sautron-aussi-la-gauche-joue-lunion-derriere-fabrice-even-et-raphael-deux-2","status":"publish","type":"post","link":"https:\/\/www.europesays.com\/fr\/494344\/","title":{"rendered":"Municipales 2026. \u00c0 Sautron aussi, la gauche joue l\u2019union derri\u00e8re Fabrice Even et Rapha\u00ebl Deux"},"content":{"rendered":"<p>La t\u00eate de liste n\u2019est pas encore officiellement d\u00e9sign\u00e9e. Elle le sera d\u2019ici la fin de l\u2019ann\u00e9e.<strong> \u00ab\u00a0L\u2019important, pour nous, est de travailler d\u2019abord le fond\u00a0\u00bb<\/strong>, fait savoir Fabrice Even, leader de l\u2019opposition de gauche depuis 2020.<\/p>\n<p>En attendant, cette \u00e9quipe qui rassemble les principaux mouvements de gauche \u2013 socialiste, \u00e9cologiste \u2013 est en ordre de marche dans l\u2019espoir de conqu\u00e9rir la mairie de Sautron lors des prochaines \u00e9lections en mars\u00a02026. Pas un hasard. Ils suivent la logique d\u2019alliance des gauches annonc\u00e9e mercredi 15\u00a0octobre dans trois grandes villes de la m\u00e9tropole nantaise\u00a0: <a href=\"https:\/\/nantes.maville.com\/actu\/actudet_-municipales-2026-a-nantes-les-ecolos-partent-avec-la-maire-sortante-ps-johanna-rolland-_52716-7025310_actu.Htm?utm_source=troove&amp;utm_medium=site\" target=\"_self\" rel=\"noopener\">Nantes<\/a>, <a href=\"https:\/\/nantes.maville.com\/actu\/actudet_-l-union-de-la-gauche-en-ordre-de-marche-a-saint-herblain-place-a-la-preparation-d-un-programme-_52716-7022842_actu.Htm?utm_source=troove&amp;utm_medium=site\" target=\"_self\" rel=\"noopener\">Saint-Herblain<\/a>, <a href=\"https:\/\/nantes.maville.com\/actu\/actudet_-a-reze-la-gauche-officialise-son-union-des-le-premier-tour-derriere-agnes-bourgeais-_52716-7023133_actu.Htm\" target=\"_self\" rel=\"noopener\">Rez\u00e9<\/a>.<\/p>\n<p>Les trois premiers de la liste, Fabrice Even, \u00e9galement conseiller socialiste suppl\u00e9ant d\u2019Herv\u00e9 Corouge au D\u00e9partement, l\u2019\u00e9cologiste Rapha\u00ebl Deux et Florence Marsaud (sans \u00e9tiquette), se donnent donc les moyens d\u2019engranger des voix car la campagne sera sans doute rude pour eux, dans ce bastion ancr\u00e9 \u00e0 droite. D\u2019ailleurs, deux listes de ce c\u00f4t\u00e9 de l\u2019\u00e9chiquier \u2013 Anthony Beraud et Patrick Messus \u2013 sont d\u00e9j\u00e0 lanc\u00e9es dans la campagne.<\/p>\n<p>Les \u00ab\u00a0vraies\u00a0\u00bb valeurs de gauche<\/p>\n<p>La composition de la liste, avec certaines personnes encart\u00e9es, d\u2019autres non, est en cours. Elle sera renouvel\u00e9e de plus de la moiti\u00e9 par rapport \u00e0 2020. Les th\u00e8mes de la sociale \u00e9cologie seront d\u00e9clin\u00e9s\u00a0: plus de nature en ville, de soutien scolaire, d\u2019\u00e9changes avec Nantes m\u00e9tropole (divers gauche), de liaisons de bus, de bio dans les cantines\u2026 <strong>\u00ab\u00a0Nous sommes ceux qui avons vraiment ces valeurs dans notre ADN\u00a0\u00bb<\/strong>, adresse\u00a0Fabrice Even, sous forme de petit tacle.\u00a0La cible\u00a0? Les jeunes, les classes moyenne et plus pr\u00e9caire.<strong> \u00ab\u00a0Avec les nouvelles constructions, il y a un vrai renouvellement de la population. Nous voulons porter la voix de celles et ceux que l\u2019on n\u2019entend pas.\u00a0\u00bb<\/strong><\/p>\n<p><strong>Contact\u00a0:<\/strong> sautron.ensemble.autrement@gmail.com<\/p>\n<p>\u00a0<\/p>\n","protected":false},"excerpt":{"rendered":"La t\u00eate de liste n\u2019est pas encore officiellement d\u00e9sign\u00e9e. Elle le sera d\u2019ici la fin de l\u2019ann\u00e9e. \u00ab\u00a0L\u2019important,&hellip;\n","protected":false},"author":2,"featured_media":494122,"comment_status":"","ping_status":"","sticky":false,"template":"","format":"standard","meta":{"footnotes":""},"categories":[2818],"tags":[5734,1111,11,1777,674,61660,61659,1011,27,2383,16026,3554,766,12,2636,13399,25,4334,4403],"class_list":{"0":"post-494344","1":"post","2":"type-post","3":"status-publish","4":"format-standard","5":"has-post-thumbnail","7":"category-nantes","8":"tag-5734","9":"tag-actu","10":"tag-actualites","11":"tag-eu","12":"tag-europe","13":"tag-even","14":"tag-fabrice","15":"tag-fr","16":"tag-france","17":"tag-gauche","18":"tag-joue","19":"tag-municipales","20":"tag-nantes","21":"tag-news","22":"tag-pays-de-la-loire","23":"tag-raphael","24":"tag-republique-francaise","25":"tag-sautron","26":"tag-union"},"share_on_mastodon":{"url":"https:\/\/pubeurope.com\/@fr\/115449114403068806","error":""},"_links":{"self":[{"href":"https:\/\/www.europesays.com\/fr\/wp-json\/wp\/v2\/posts\/494344","targetHints":{"allow":["GET"]}}],"collection":[{"href":"https:\/\/www.europesays.com\/fr\/wp-json\/wp\/v2\/posts"}],"about":[{"href":"https:\/\/www.europesays.com\/fr\/wp-json\/wp\/v2\/types\/post"}],"author":[{"embeddable":true,"href":"https:\/\/www.europesays.com\/fr\/wp-json\/wp\/v2\/users\/2"}],"replies":[{"embeddable":true,"href":"https:\/\/www.europesays.com\/fr\/wp-json\/wp\/v2\/comments?post=494344"}],"version-history":[{"count":0,"href":"https:\/\/www.europesays.com\/fr\/wp-json\/wp\/v2\/posts\/494344\/revisions"}],"wp:featuredmedia":[{"embeddable":true,"href":"https:\/\/www.europesays.com\/fr\/wp-json\/wp\/v2\/media\/494122"}],"wp:attachment":[{"href":"https:\/\/www.europesays.com\/fr\/wp-json\/wp\/v2\/media?parent=494344"}],"wp:term":[{"taxonomy":"category","embeddable":true,"href":"https:\/\/www.europesays.com\/fr\/wp-json\/wp\/v2\/categories?post=494344"},{"taxonomy":"post_tag","embeddable":true,"href":"https:\/\/www.europesays.com\/fr\/wp-json\/wp\/v2\/tags?post=494344"}],"curies":[{"name":"wp","href":"https:\/\/api.w.org\/{rel}","templated":true}]}}