{"id":494345,"date":"2025-10-28T01:07:29","date_gmt":"2025-10-28T01:07:29","guid":{"rendered":"https:\/\/www.europesays.com\/fr\/494345\/"},"modified":"2025-10-28T01:07:29","modified_gmt":"2025-10-28T01:07:29","slug":"en-cavale-depuis-2022-il-est-depose-blesse-par-balles-devant-les-urgences","status":"publish","type":"post","link":"https:\/\/www.europesays.com\/fr\/494345\/","title":{"rendered":"en cavale depuis 2022, il est d\u00e9pos\u00e9 bless\u00e9 par balles devant les urgences"},"content":{"rendered":"<p>Condamn\u00e9 en son absence en mars\u00a02025, un homme de 28\u00a0ans a \u00e9t\u00e9 d\u00e9pos\u00e9 devant le CHU de Nantes (Loire-Atlantique), dans la nuit de jeudi \u00e0 vendredi, alors qu\u2019il venait d\u2019\u00eatre bless\u00e9 par balles. Il \u00e9tait en cavale depuis 2022, rapporte <a target=\"_blank\" href=\"https:\/\/www.ouest-france.fr\/societe\/faits-divers\/un-homme-blesse-par-balles-qui-etait-recherche-a-ete-depose-devant-les-urgences-du-chu-20d22af4-b03c-11f0-a612-0f338f9cdd87\" rel=\"noopener\">Presse Oc\u00e9an<\/a>.<\/p>\n<p>Peu avant 2\u00a0h du matin, une Audi est arriv\u00e9e \u00e0 vive allure devant les urgences avec le coffre ouvert, avant de repartir rapidement. Laiss\u00e9 au sol, l\u2019homme a \u00e9t\u00e9 pris en charge par le personnel de l\u2019h\u00f4pital, indique <a target=\"_blank\" href=\"https:\/\/www.ouest-france.fr\/societe\/faits-divers\/en-fuite-depuis-2022-il-a-ete-depose-au-chu-de-nantes-apres-avoir-ete-atteint-par-quatre-balles-8767ad92-b0b5-11f0-a3b8-6cf5a651f4ac\" rel=\"noopener\">Ouest-France<\/a>. Bien que touch\u00e9 au poignet et sous le bras, ses jours ne sont pas en danger.<\/p>\n<p>Des tirs signal\u00e9s \u00e0 Sautron<\/p>\n<p>Peu avant les faits, des coups de feu ont \u00e9t\u00e9 entendus \u00e0 Sautron, pr\u00e8s de Nantes. Un v\u00e9hicule correspondant \u00e0 la voiture film\u00e9e devant le CHU y a ensuite \u00e9t\u00e9 aper\u00e7u. Selon Ouest-France, des \u00e9tuis percut\u00e9s ont \u00e9t\u00e9 d\u00e9couverts sur place. L\u2019enqu\u00eate a \u00e9t\u00e9 confi\u00e9e \u00e0 la Division de la criminalit\u00e9 organis\u00e9e et sp\u00e9cialis\u00e9e, sous la supervision du Jirs, sp\u00e9cialis\u00e9e dans les dossiers de criminalit\u00e9 organis\u00e9e.<\/p>\n<p>Le jeune homme avait \u00e9t\u00e9 condamn\u00e9 en mars pour une violente agression \u00e0 Sautron et un carottage de cannabis. Plac\u00e9 sous contr\u00f4le judiciaire dans une affaire de fusillade mortelle, il avait pris la fuite en 2022. Dans ce dernier dossier, tous les pr\u00e9venus ont \u00e9t\u00e9 relax\u00e9s pour l\u2019association de malfaiteurs. Le parquet a fait appel.<\/p>\n","protected":false},"excerpt":{"rendered":"Condamn\u00e9 en son absence en mars\u00a02025, un homme de 28\u00a0ans a \u00e9t\u00e9 d\u00e9pos\u00e9 devant le CHU de Nantes&hellip;\n","protected":false},"author":2,"featured_media":494346,"comment_status":"","ping_status":"","sticky":false,"template":"","format":"standard","meta":{"footnotes":""},"categories":[2818],"tags":[328,1111,11,1674,1777,674,274,1011,27,3047,766,12,2636,25],"class_list":{"0":"post-494345","1":"post","2":"type-post","3":"status-publish","4":"format-standard","5":"has-post-thumbnail","7":"category-nantes","8":"tag-a-la-une","9":"tag-actu","10":"tag-actualites","11":"tag-communes","12":"tag-eu","13":"tag-europe","14":"tag-faits-divers-justice","15":"tag-fr","16":"tag-france","17":"tag-loire-atlantique","18":"tag-nantes","19":"tag-news","20":"tag-pays-de-la-loire","21":"tag-republique-francaise"},"share_on_mastodon":{"url":"https:\/\/pubeurope.com\/@fr\/115449118295902412","error":""},"_links":{"self":[{"href":"https:\/\/www.europesays.com\/fr\/wp-json\/wp\/v2\/posts\/494345","targetHints":{"allow":["GET"]}}],"collection":[{"href":"https:\/\/www.europesays.com\/fr\/wp-json\/wp\/v2\/posts"}],"about":[{"href":"https:\/\/www.europesays.com\/fr\/wp-json\/wp\/v2\/types\/post"}],"author":[{"embeddable":true,"href":"https:\/\/www.europesays.com\/fr\/wp-json\/wp\/v2\/users\/2"}],"replies":[{"embeddable":true,"href":"https:\/\/www.europesays.com\/fr\/wp-json\/wp\/v2\/comments?post=494345"}],"version-history":[{"count":0,"href":"https:\/\/www.europesays.com\/fr\/wp-json\/wp\/v2\/posts\/494345\/revisions"}],"wp:featuredmedia":[{"embeddable":true,"href":"https:\/\/www.europesays.com\/fr\/wp-json\/wp\/v2\/media\/494346"}],"wp:attachment":[{"href":"https:\/\/www.europesays.com\/fr\/wp-json\/wp\/v2\/media?parent=494345"}],"wp:term":[{"taxonomy":"category","embeddable":true,"href":"https:\/\/www.europesays.com\/fr\/wp-json\/wp\/v2\/categories?post=494345"},{"taxonomy":"post_tag","embeddable":true,"href":"https:\/\/www.europesays.com\/fr\/wp-json\/wp\/v2\/tags?post=494345"}],"curies":[{"name":"wp","href":"https:\/\/api.w.org\/{rel}","templated":true}]}}