{"id":494349,"date":"2025-10-28T01:09:16","date_gmt":"2025-10-28T01:09:16","guid":{"rendered":"https:\/\/www.europesays.com\/fr\/494349\/"},"modified":"2025-10-28T01:09:16","modified_gmt":"2025-10-28T01:09:16","slug":"previsions-du-mardi-28-octobre-2025-3","status":"publish","type":"post","link":"https:\/\/www.europesays.com\/fr\/494349\/","title":{"rendered":"pr\u00e9visions du mardi 28 octobre 2025"},"content":{"rendered":"<p class=\"mb-4 text-lg md:leading-8 break-words\"><strong>M\u00e9t\u00e9o &#8211; Le soleil sera dominant, la garantie d&rsquo;une belle journ\u00e9e ! Les temp\u00e9ratures seront de 16\u00b0C la matin\u00e9e et de 18\u00b0C l&rsquo;apr\u00e8s-midi&#8230;<\/strong><\/p>\n<p class=\"mb-4 text-lg md:leading-8 break-words\">C&rsquo;est un soleil magnifique qui va briller aujourd&rsquo;hui sur Bordeaux. Les temp\u00e9ratures avoisineront les 16\u00b0C. Il va faire environ 16\u00b0C, le matin. Un vent de sud soufflera l\u00e9g\u00e8rement. Les maximales pourront atteindre 19\u00b0C dans l&rsquo;apr\u00e8s-midi tandis que les minimales seront de 15\u00b0C. Le soir, le vent va peu \u00e0 peu chasser la grisaille. Le ciel sera clair dans la nuit de mardi \u00e0 mercredi.<\/p>\n<p class=\"mb-4 text-lg md:leading-8 break-words\">Demain, Bordeaux devra encore patienter avant que les nuages ne se dissipent. Une diminution du mercure est attendue. Les valeurs s&rsquo;\u00e9chelonneront entre 12 et 14\u00b0C. Un vent de sud-est rafra\u00eechira l\u00e9g\u00e8rement l&rsquo;atmosph\u00e8re. Les nuages en pr\u00e9vision le matin, et un ciel encore maussade. De la pluie va tomber. Le mercure affichera 13\u00b0C en moyenne. Durant l&rsquo;apr\u00e8s-midi, le brouillard va se former \u00e0 cause de l&rsquo;humidit\u00e9. Le brouillard sera au rendez-vous, demain soir, \u00e0 cause de la m\u00e9t\u00e9o tr\u00e8s humide.<\/p>\n<p class=\"mb-4 text-lg md:leading-8 break-words\">\u00c0 la suite d&rsquo;une journ\u00e9e ensoleill\u00e9e jeudi, on s&rsquo;attend \u00e0 une d\u00e9gradation vendredi.<\/p>\n<p class=\"mb-4 text-lg md:leading-8 break-words\"><a href=\"https:\/\/www.20minutes.fr\/planete\/previsions-meteo\/4181925-20251028-meteo-bordeaux-previsions-mardi-28-octobre-2025?at_medium=RSS%20feed&amp;at_campaign=ynews&amp;utm_source=yahoo&amp;utm_medium=rss&amp;utm_campaign=news_feed&amp;utm_content=read_more_link&quot;\" rel=\"nofollow noopener\" target=\"_blank\" data-ylk=\"slk:Lire la suite sur 20minutes;elm:context_link;itc:0;sec:content-canvas\" class=\"link \">Lire la suite sur 20minutes<\/a><\/p>\n","protected":false},"excerpt":{"rendered":"M\u00e9t\u00e9o &#8211; Le soleil sera dominant, la garantie d&rsquo;une belle journ\u00e9e ! Les temp\u00e9ratures seront de 16\u00b0C la&hellip;\n","protected":false},"author":2,"featured_media":494350,"comment_status":"","ping_status":"","sticky":false,"template":"","format":"standard","meta":{"footnotes":""},"categories":[2817],"tags":[1111,11,28358,1997,1777,674,1011,27,51394,61683,2487,12,2219,25],"class_list":{"0":"post-494349","1":"post","2":"type-post","3":"status-publish","4":"format-standard","5":"has-post-thumbnail","7":"category-bordeaux","8":"tag-actu","9":"tag-actualites","10":"tag-belle-journee","11":"tag-bordeaux","12":"tag-eu","13":"tag-europe","14":"tag-fr","15":"tag-france","16":"tag-la-matinee","17":"tag-le-brouillard","18":"tag-meteo","19":"tag-news","20":"tag-nouvelle-aquitaine","21":"tag-republique-francaise"},"share_on_mastodon":{"url":"https:\/\/pubeurope.com\/@fr\/115449126274975061","error":""},"_links":{"self":[{"href":"https:\/\/www.europesays.com\/fr\/wp-json\/wp\/v2\/posts\/494349","targetHints":{"allow":["GET"]}}],"collection":[{"href":"https:\/\/www.europesays.com\/fr\/wp-json\/wp\/v2\/posts"}],"about":[{"href":"https:\/\/www.europesays.com\/fr\/wp-json\/wp\/v2\/types\/post"}],"author":[{"embeddable":true,"href":"https:\/\/www.europesays.com\/fr\/wp-json\/wp\/v2\/users\/2"}],"replies":[{"embeddable":true,"href":"https:\/\/www.europesays.com\/fr\/wp-json\/wp\/v2\/comments?post=494349"}],"version-history":[{"count":0,"href":"https:\/\/www.europesays.com\/fr\/wp-json\/wp\/v2\/posts\/494349\/revisions"}],"wp:featuredmedia":[{"embeddable":true,"href":"https:\/\/www.europesays.com\/fr\/wp-json\/wp\/v2\/media\/494350"}],"wp:attachment":[{"href":"https:\/\/www.europesays.com\/fr\/wp-json\/wp\/v2\/media?parent=494349"}],"wp:term":[{"taxonomy":"category","embeddable":true,"href":"https:\/\/www.europesays.com\/fr\/wp-json\/wp\/v2\/categories?post=494349"},{"taxonomy":"post_tag","embeddable":true,"href":"https:\/\/www.europesays.com\/fr\/wp-json\/wp\/v2\/tags?post=494349"}],"curies":[{"name":"wp","href":"https:\/\/api.w.org\/{rel}","templated":true}]}}