{"id":494353,"date":"2025-10-28T01:11:14","date_gmt":"2025-10-28T01:11:14","guid":{"rendered":"https:\/\/www.europesays.com\/fr\/494353\/"},"modified":"2025-10-28T01:11:14","modified_gmt":"2025-10-28T01:11:14","slug":"previsions-du-mardi-28-octobre-2025-4","status":"publish","type":"post","link":"https:\/\/www.europesays.com\/fr\/494353\/","title":{"rendered":"pr\u00e9visions du mardi 28 octobre 2025"},"content":{"rendered":"<p class=\"mb-4 text-lg md:leading-8 break-words\"><strong>M\u00e9t\u00e9o &#8211; Le soleil sera au rendez-vous : une magnifique journ\u00e9e se pr\u00e9sente ! Les temp\u00e9ratures seront de 14\u00b0C la matin\u00e9e et de 18\u00b0C l&rsquo;apr\u00e8s-midi&#8230;<\/strong><\/p>\n<p class=\"mb-4 text-lg md:leading-8 break-words\">C&rsquo;est un soleil \u00e9clatant qui va briller aujourd&rsquo;hui sur Toulouse. Les valeurs afficheront entre 12 et 19\u00b0C. Le matin, un vent de sud-ouest rafra\u00eechira quelque peu l&rsquo;atmosph\u00e8re. L&rsquo;apr\u00e8s-midi, c&rsquo;est une hausse de quelques degr\u00e9s que vont conna\u00eetre les temp\u00e9ratures. Ces valeurs seront de 16\u00b0C au minimum et de 19\u00b0C au plus haut. Le ciel sera relativement lumineux, avec quelques \u00e9claircies le soir. Il va faire environ 14\u00b0C. Entre mardi et mercredi, la nuit sera claire.<\/p>\n<p class=\"mb-4 text-lg md:leading-8 break-words\">Demain, des nuages se montreront sur Toulouse. Une baisse du mercure est \u00e0 pr\u00e9voir. On anticipe des valeurs avoisinant 14\u00b0C. D&rsquo;un autre c\u00f4t\u00e9, le temps devrait s&rsquo;am\u00e9liorer pendant la matin\u00e9e. Un vent de sud-est soufflera un peu, avec 17 km\/h. Demain apr\u00e8s-midi, on sera sous un ciel bien maussade, couvert de nuages. Il va pleuvoir. Les maximales pourront atteindre 16\u00b0C tandis que les minimales seront de 14\u00b0C. La grisaille ne se dissipe toujours pas, il va y avoir encore des nuages demain soir. Des pluies \u00e9parses sont pr\u00e9vues. Le thermom\u00e8tre affichera 14\u00b0C en moyenne. Une brise de sud-ouest soufflera doucement.<\/p>\n<p class=\"mb-4 text-lg md:leading-8 break-words\">La m\u00e9t\u00e9o des jours qui suivent va s&rsquo;am\u00e9liorer. Des temp\u00e9ratures dans les 18\u00b0C iront de pair avec un ciel ensoleill\u00e9.<\/p>\n<p class=\"mb-4 text-lg md:leading-8 break-words\"><a href=\"https:\/\/www.20minutes.fr\/planete\/previsions-meteo\/4181927-20251028-meteo-toulouse-previsions-mardi-28-octobre-2025?at_medium=RSS%20feed&amp;at_campaign=ynews&amp;utm_source=yahoo&amp;utm_medium=rss&amp;utm_campaign=news_feed&amp;utm_content=read_more_link&quot;\" rel=\"nofollow noopener\" target=\"_blank\" data-ylk=\"slk:Lire la suite sur 20minutes;elm:context_link;itc:0;sec:content-canvas\" class=\"link \">Lire la suite sur 20minutes<\/a><\/p>\n","protected":false},"excerpt":{"rendered":"M\u00e9t\u00e9o &#8211; Le soleil sera au rendez-vous : une magnifique journ\u00e9e se pr\u00e9sente ! Les temp\u00e9ratures seront de&hellip;\n","protected":false},"author":2,"featured_media":494354,"comment_status":"","ping_status":"","sticky":false,"template":"","format":"standard","meta":{"footnotes":""},"categories":[2816],"tags":[1111,11,1777,674,1011,27,51394,29508,44166,12,2680,25,2312],"class_list":{"0":"post-494353","1":"post","2":"type-post","3":"status-publish","4":"format-standard","5":"has-post-thumbnail","7":"category-toulouse","8":"tag-actu","9":"tag-actualites","10":"tag-eu","11":"tag-europe","12":"tag-fr","13":"tag-france","14":"tag-la-matinee","15":"tag-le-ciel","16":"tag-le-matin","17":"tag-news","18":"tag-occitanie","19":"tag-republique-francaise","20":"tag-toulouse"},"share_on_mastodon":{"url":"https:\/\/pubeurope.com\/@fr\/115449134032266461","error":""},"_links":{"self":[{"href":"https:\/\/www.europesays.com\/fr\/wp-json\/wp\/v2\/posts\/494353","targetHints":{"allow":["GET"]}}],"collection":[{"href":"https:\/\/www.europesays.com\/fr\/wp-json\/wp\/v2\/posts"}],"about":[{"href":"https:\/\/www.europesays.com\/fr\/wp-json\/wp\/v2\/types\/post"}],"author":[{"embeddable":true,"href":"https:\/\/www.europesays.com\/fr\/wp-json\/wp\/v2\/users\/2"}],"replies":[{"embeddable":true,"href":"https:\/\/www.europesays.com\/fr\/wp-json\/wp\/v2\/comments?post=494353"}],"version-history":[{"count":0,"href":"https:\/\/www.europesays.com\/fr\/wp-json\/wp\/v2\/posts\/494353\/revisions"}],"wp:featuredmedia":[{"embeddable":true,"href":"https:\/\/www.europesays.com\/fr\/wp-json\/wp\/v2\/media\/494354"}],"wp:attachment":[{"href":"https:\/\/www.europesays.com\/fr\/wp-json\/wp\/v2\/media?parent=494353"}],"wp:term":[{"taxonomy":"category","embeddable":true,"href":"https:\/\/www.europesays.com\/fr\/wp-json\/wp\/v2\/categories?post=494353"},{"taxonomy":"post_tag","embeddable":true,"href":"https:\/\/www.europesays.com\/fr\/wp-json\/wp\/v2\/tags?post=494353"}],"curies":[{"name":"wp","href":"https:\/\/api.w.org\/{rel}","templated":true}]}}