{"id":494358,"date":"2025-10-28T01:14:10","date_gmt":"2025-10-28T01:14:10","guid":{"rendered":"https:\/\/www.europesays.com\/fr\/494358\/"},"modified":"2025-10-28T01:14:10","modified_gmt":"2025-10-28T01:14:10","slug":"poursuivi-par-un-homme-arme-dun-couteau-un-employe-de-bar-sort-un-pistolet-a-marseille","status":"publish","type":"post","link":"https:\/\/www.europesays.com\/fr\/494358\/","title":{"rendered":"Poursuivi par un homme arm\u00e9 d&rsquo;un couteau, un employ\u00e9 de bar sort un pistolet \u00e0 Marseille"},"content":{"rendered":"<p>Il ne fait pas bon menacer les barmans marseillais le dimanche soir&#8230; Une semaine apr\u00e8s<a href=\"https:\/\/www.laprovence.com\/article\/faits-divers-justice\/12119108494663\/un-champion-d-arts-martiaux-ivre-se-bat-avec-un-patron-de-bar-a-marseille\" target=\"_blank\" rel=\"noopener\"> la bagarre entre un champion d&rsquo;arts martiaux ivre et employ\u00e9 de bar arm\u00e9 d&rsquo;un revolver <\/a>dans un \u00e9tablissement de la major (2e), ce dimanche soir du 26 octobre, <a href=\"https:\/\/www.laprovence.com\/article\/societe\/1833712686662414\/quatre-personnes-interpellees-a-cadenet-apres-une-bagarre-qui-a-fait-cinq-victimes-dont-deux-policiers-municipaux\" target=\"_blank\" rel=\"noopener\">c&rsquo;est dans un bar-tabac<\/a> pr\u00e8s du boulevard Longchamp qu&rsquo;un homme arm\u00e9 d&rsquo;un couteau s&rsquo;est trouv\u00e9 stopp\u00e9 par un barman muni d&rsquo;une arme de poing. Tout a commenc\u00e9 vers 19h30, lorsque les deux hommes ont \u00e9t\u00e9 aper\u00e7us place Leverrier (4e), entre Longchamp et la Belle de mai, l&rsquo;un poursuivant l&rsquo;autre, un couteau \u00e0 la main.<\/p>\n<p>Un diff\u00e9rend un peu plus t\u00f4t\u00a0<\/p>\n<p>L&rsquo;homme pris en chasse a alors fonc\u00e9 en direction d&rsquo;un bar-tabac dans lequel il \u00e9tait employ\u00e9, pour s&#8217;emparer d&rsquo;un pistolet et le retourner contre le poursuivant, toujours arm\u00e9 de son couteau.<\/p>\n<p>Mais c&rsquo;est finalement \u00e0 coups de poing que l&rsquo;invraisemblable bagarre s&rsquo;est encha\u00een\u00e9e, jusqu&rsquo;\u00e0 l&rsquo;arriv\u00e9e des effectifs de police. Les deux hommes, \u00e2g\u00e9s de 31 et 32 ans, auraient eu un diff\u00e9rend un peu plus t\u00f4t dans la journ\u00e9e au sujet de la s\u0153ur de l&rsquo;individu au couteau. Mais ils se sont, h\u00e9las, recrois\u00e9s en d\u00e9but de soir\u00e9e. Tous deux ont \u00e9t\u00e9 interpell\u00e9s et plac\u00e9s en garde \u00e0 vue, tandis que leurs armes \u00e9taient saisies, un couteau d&rsquo;un c\u00f4t\u00e9, et ce qui n&rsquo;\u00e9tait, au final, qu&rsquo;un pistolet d&rsquo;alarme, de l&rsquo;autre.<\/p>\n","protected":false},"excerpt":{"rendered":"Il ne fait pas bon menacer les barmans marseillais le dimanche soir&#8230; Une semaine apr\u00e8s la bagarre entre&hellip;\n","protected":false},"author":2,"featured_media":494359,"comment_status":"","ping_status":"","sticky":false,"template":"","format":"standard","meta":{"footnotes":""},"categories":[2814],"tags":[17,1111,11,10268,5264,2837,42869,1777,674,274,1011,27,4933,884,12,5912,12332,882,25],"class_list":{"0":"post-494358","1":"post","2":"type-post","3":"status-publish","4":"format-standard","5":"has-post-thumbnail","7":"category-marseille","8":"tag-17","9":"tag-actu","10":"tag-actualites","11":"tag-arme","12":"tag-couteau","13":"tag-dun","14":"tag-employe","15":"tag-eu","16":"tag-europe","17":"tag-faits-divers-justice","18":"tag-fr","19":"tag-france","20":"tag-homme","21":"tag-marseille","22":"tag-news","23":"tag-par","24":"tag-poursuivi","25":"tag-provence-alpes-cote-dazur","26":"tag-republique-francaise"},"share_on_mastodon":{"url":"https:\/\/pubeurope.com\/@fr\/115449146134629871","error":""},"_links":{"self":[{"href":"https:\/\/www.europesays.com\/fr\/wp-json\/wp\/v2\/posts\/494358","targetHints":{"allow":["GET"]}}],"collection":[{"href":"https:\/\/www.europesays.com\/fr\/wp-json\/wp\/v2\/posts"}],"about":[{"href":"https:\/\/www.europesays.com\/fr\/wp-json\/wp\/v2\/types\/post"}],"author":[{"embeddable":true,"href":"https:\/\/www.europesays.com\/fr\/wp-json\/wp\/v2\/users\/2"}],"replies":[{"embeddable":true,"href":"https:\/\/www.europesays.com\/fr\/wp-json\/wp\/v2\/comments?post=494358"}],"version-history":[{"count":0,"href":"https:\/\/www.europesays.com\/fr\/wp-json\/wp\/v2\/posts\/494358\/revisions"}],"wp:featuredmedia":[{"embeddable":true,"href":"https:\/\/www.europesays.com\/fr\/wp-json\/wp\/v2\/media\/494359"}],"wp:attachment":[{"href":"https:\/\/www.europesays.com\/fr\/wp-json\/wp\/v2\/media?parent=494358"}],"wp:term":[{"taxonomy":"category","embeddable":true,"href":"https:\/\/www.europesays.com\/fr\/wp-json\/wp\/v2\/categories?post=494358"},{"taxonomy":"post_tag","embeddable":true,"href":"https:\/\/www.europesays.com\/fr\/wp-json\/wp\/v2\/tags?post=494358"}],"curies":[{"name":"wp","href":"https:\/\/api.w.org\/{rel}","templated":true}]}}