{"id":494360,"date":"2025-10-28T01:15:29","date_gmt":"2025-10-28T01:15:29","guid":{"rendered":"https:\/\/www.europesays.com\/fr\/494360\/"},"modified":"2025-10-28T01:15:29","modified_gmt":"2025-10-28T01:15:29","slug":"des-travaux-a-lespace-julien-a-marseille-pour-repenser-son-cafe","status":"publish","type":"post","link":"https:\/\/www.europesays.com\/fr\/494360\/","title":{"rendered":"Des travaux \u00e0 l&rsquo;Espace Julien \u00e0 Marseille pour repenser son Caf\u00e9"},"content":{"rendered":"<p>Difficile encore de savoir de quoi sera fait le Caf\u00e9 Julien, l\u2019espace attenant la salle de concerts de 900 places. Sa vocation est encore en discussion au sein de l\u2019\u00e9quipe de <a href=\"https:\/\/www.laprovence.com\/article\/culture-loisirs\/61920859148877\/reves-et-travaux-pour-lespace-julien-et-ses-lieux-satellites-a-marseille\" target=\"_blank\" rel=\"noopener\">la Responsabilit\u00e9 des R\u00eaves (RDR) qui g\u00e8re l\u2019Espace Julien<\/a> depuis deux ans. Ce que l\u2019on peut en dire cependant c\u2019est qu\u2019il pourra fonctionner de mani\u00e8re ind\u00e9pendante (ou pas), en ayant sa propre ouverture sur le cours Julien, et qu\u2019il sera exploit\u00e9 de jour comme de nuit. La bonne nouvelle aussi c\u2019est que sa jauge, actuellement \u00e0 290 places, sera augment\u00e9e de 180 places d\u00e8s octobre\u00a02026. Une aubaine notamment pour les soir\u00e9es gratuites \u00ab\u00a0L\u2019EJ c\u2019est le S\u00a0\u00bb confi\u00e9es \u00e0 des collectifs ou acteurs locaux, qui y ont actuellement lieu. Ce sera ainsi la fin de la mezzanine et des canap\u00e9s du Caf\u00e9. L\u2019am\u00e9nagement sera tout autre, avec la construction de deux bars, de nouveaux sanitaires et une nouvelle acoustique, pour am\u00e9liorer l\u2019accueil du public.<\/p>\n<p>Une ouverture en grande pompe en octobre\u00a02026<\/p>\n<p>Du sol au plafond, le Caf\u00e9 va faire peau neuve. Ce qui n\u00e9cessitera plusieurs mois de travaux financ\u00e9s par le Centre national de la musique (CNM), la Ville de Marseille, propri\u00e9taire des lieux, et des fonds propres de l\u2019association g\u00e9ran&#8230;<\/p>\n","protected":false},"excerpt":{"rendered":"Difficile encore de savoir de quoi sera fait le Caf\u00e9 Julien, l\u2019espace attenant la salle de concerts de&hellip;\n","protected":false},"author":2,"featured_media":494361,"comment_status":"","ping_status":"","sticky":false,"template":"","format":"standard","meta":{"footnotes":""},"categories":[2814],"tags":[17,1111,11,251,154,1777,674,1011,27,28935,30993,884,12,471,882,29724,25,2086],"class_list":{"0":"post-494360","1":"post","2":"type-post","3":"status-publish","4":"format-standard","5":"has-post-thumbnail","7":"category-marseille","8":"tag-17","9":"tag-actu","10":"tag-actualites","11":"tag-culture","12":"tag-des","13":"tag-eu","14":"tag-europe","15":"tag-fr","16":"tag-france","17":"tag-julien","18":"tag-lespace","19":"tag-marseille","20":"tag-news","21":"tag-pour","22":"tag-provence-alpes-cote-dazur","23":"tag-repenser","24":"tag-republique-francaise","25":"tag-travaux"},"share_on_mastodon":{"url":"https:\/\/pubeurope.com\/@fr\/115449149732801015","error":""},"_links":{"self":[{"href":"https:\/\/www.europesays.com\/fr\/wp-json\/wp\/v2\/posts\/494360","targetHints":{"allow":["GET"]}}],"collection":[{"href":"https:\/\/www.europesays.com\/fr\/wp-json\/wp\/v2\/posts"}],"about":[{"href":"https:\/\/www.europesays.com\/fr\/wp-json\/wp\/v2\/types\/post"}],"author":[{"embeddable":true,"href":"https:\/\/www.europesays.com\/fr\/wp-json\/wp\/v2\/users\/2"}],"replies":[{"embeddable":true,"href":"https:\/\/www.europesays.com\/fr\/wp-json\/wp\/v2\/comments?post=494360"}],"version-history":[{"count":0,"href":"https:\/\/www.europesays.com\/fr\/wp-json\/wp\/v2\/posts\/494360\/revisions"}],"wp:featuredmedia":[{"embeddable":true,"href":"https:\/\/www.europesays.com\/fr\/wp-json\/wp\/v2\/media\/494361"}],"wp:attachment":[{"href":"https:\/\/www.europesays.com\/fr\/wp-json\/wp\/v2\/media?parent=494360"}],"wp:term":[{"taxonomy":"category","embeddable":true,"href":"https:\/\/www.europesays.com\/fr\/wp-json\/wp\/v2\/categories?post=494360"},{"taxonomy":"post_tag","embeddable":true,"href":"https:\/\/www.europesays.com\/fr\/wp-json\/wp\/v2\/tags?post=494360"}],"curies":[{"name":"wp","href":"https:\/\/api.w.org\/{rel}","templated":true}]}}