{"id":494363,"date":"2025-10-28T01:17:26","date_gmt":"2025-10-28T01:17:26","guid":{"rendered":"https:\/\/www.europesays.com\/fr\/494363\/"},"modified":"2025-10-28T01:17:26","modified_gmt":"2025-10-28T01:17:26","slug":"lyon-ce-fast-food-tres-connu-de-la-part-dieu-passe-au-steak-halal-avec-le-meme-gout","status":"publish","type":"post","link":"https:\/\/www.europesays.com\/fr\/494363\/","title":{"rendered":"Lyon. Ce fast-food tr\u00e8s connu de la Part-Dieu passe au steak halal \u00ab\u00a0avec le m\u00eame go\u00fbt\u00a0\u00bb"},"content":{"rendered":"<p>            Par<br \/>\n        <strong><br \/>\n            <a href=\"https:\/\/actu.fr\/auteur\/ludivine-caporal\" title=\"Consulter tous les articles de Ludivine Caporal\" rel=\"nofollow noopener\" target=\"_blank\">Ludivine Caporal<\/a><br \/>\n        <\/strong><\/p>\n<p>        Publi\u00e9 le<\/p>\n<p>            27 oct. 2025 \u00e0 18h25        <\/p>\n<p>Un grand changement a r\u00e9cemment \u00e9t\u00e9 op\u00e9r\u00e9 au sein de six \u00e9tablissements <strong>Five Guys<\/strong> de l\u2019Hexagone, dont celui du centre commercial de la <a href=\"https:\/\/actu.fr\/tag\/lyon-part-dieu\" rel=\"nofollow noopener\" target=\"_blank\">Part-Dieu, \u00e0 Lyon<\/a>.<\/p>\n<p class=\" wall-content\">Depuis plusieurs jours, le c\u00e9l\u00e8bre fast-food am\u00e9ricain a en effet d\u00e9cid\u00e9 de passer au b\u0153uf halal pour composer ses burgers et ses hot-dogs, sans pour autant abandonner son offre avec du bacon.<\/p>\n<p class=\" wall-content\">\u00ab\u2009Nous souhaitons proposer nos burgers et frites Five Guys au plus grand nombre\u2009\u00bb, justifie la marque sur son site Internet, dans une <a href=\"https:\/\/fiveguys.fr\/halal\/\" rel=\"nofollow noopener\" target=\"_blank\">nouvelle page d\u00e9di\u00e9e<\/a>, <strong>baptis\u00e9e \u00ab\u2009Informations Halal\u2009\u00bb.<\/strong><\/p>\n<p>Marseille, Lille ou encore Clichy concern\u00e9s<\/p>\n<p class=\" wall-content\">En plus du restaurant lyonnais, <a href=\"https:\/\/actu.fr\/provence-alpes-cote-d-azur\/marseille_13055\/marseille-ce-fast-food-tres-connu-ne-sert-desormais-plus-que-des-steaks-halal_63307517.html\" rel=\"nofollow noopener\" target=\"_blank\">ceux de Marseille<\/a>, Lille, Cr\u00e9teil, Clichy et Rosny 2 ont \u00e9t\u00e9 s\u00e9lectionn\u00e9s pour op\u00e9rer ce <strong>virage religieux.<\/strong><\/p>\n<p class=\" wall-content\">Le fast-food, qui a fait coller des stickers sur ses devantures pour informer ses clients de cette nouveaut\u00e9, pr\u00e9cise n\u00e9anmoins sur son site Internet que ces six \u00e9tablissements ne sont \u00ab\u2009pas certifi\u00e9s Halal\u2009\u00bb et que seule la viande de b\u0153uf servie dans ces derniers provient de \u00ab\u2009fournisseurs certifi\u00e9s Halal.\u2009\u00bb \u00ab\u2009Le bacon de porc est cuit \u00e0 part [\u2026] afin d\u2019\u00e9viter tout risque de contamination\u2009\u00bb, poursuit-elle.<\/p>\n<p class=\" wall-content\">Ayant visiblement anticip\u00e9 les questions des consommateurs, la marque explique \u00e9galement que \u00ab\u2009le go\u00fbt ne change pas\u2009\u00bb et assure suivre \u00ab\u2009les m\u00eames standards\u2009\u00bb afin d\u2019\u00e9laborer ses produits.<\/p>\n<p>    <img   decoding=\"async\" loading=\"lazy\" src=\"https:\/\/www.europesays.com\/fr\/wp-content\/uploads\/2025\/10\/five-guys-lyon-part-dieu-960x640.jpeg\" alt=\"Le restaurant Five Guys de Lyon Part-Dieu va passer en partie halal.\" width=\"960\" height=\"640\"\/><br \/>\n    Le restaurant Five Guys de Lyon Part-Dieu va passer en partie halal. (\u00a9Ludivine Caporal\/ actu Lyon)<\/p>\n<p>Votre r\u00e9gion, votre actu !<\/p>\n<p>Recevez chaque jour les infos qui comptent pour vous.<\/p>\n<p>\t<a href=\"https:\/\/actu.fr\/newsletter\" class=\"ac-btn ac-btn--corner ac-btn--medium ac-btn--blue800\" rel=\"nofollow noopener\" target=\"_blank\">S&rsquo;incrire<\/a><br \/>\nPas de communication directe \u00e0 la presse<\/p>\n<p class=\" wall-content\">Sollicit\u00e9e pr\u00e9c\u00e9demment par actu.fr \u00e0 ce sujet, celle-ci n\u2019a pas souhait\u00e9 s\u2019exprimer davantage, renvoyant simplement \u00e0 sa rubrique en ligne.<\/p>\n<p class=\" wall-content\">\u00c0 noter par ailleurs que le Five Guys de la rue de la R\u00e9publique, le deuxi\u00e8me \u00e0 <a href=\"https:\/\/actu.fr\/auvergne-rhone-alpes\/lyon_69123\" rel=\"nofollow noopener\" target=\"_blank\">Lyon<\/a>, n\u2019est <strong>pas concern\u00e9 par ce changement.<\/strong><\/p>\n<p class=\" wall-content\">Personnalisez votre actualit\u00e9 en ajoutant vos villes et m\u00e9dias en favori avec <a href=\"https:\/\/moncompte.actu.fr\" title=\"D\u00e9couvez Mon Actu\" rel=\"nofollow noopener\" data-trk=\"{&quot;cta&quot;:{&quot;action&quot;:&quot;https:\\\/\\\/moncompte.actu.fr&quot;,&quot;category&quot;:&quot;mon compte&quot;,&quot;from&quot;:&quot;article footer&quot;,&quot;name&quot;:&quot;Mon actu&quot;,&quot;type&quot;:&quot;cta&quot;}}\" target=\"_blank\">Mon Actu<\/a>.<\/p>\n","protected":false},"excerpt":{"rendered":"Par Ludivine Caporal Publi\u00e9 le 27 oct. 2025 \u00e0 18h25 Un grand changement a r\u00e9cemment \u00e9t\u00e9 op\u00e9r\u00e9 au&hellip;\n","protected":false},"author":2,"featured_media":494364,"comment_status":"","ping_status":"","sticky":false,"template":"","format":"standard","meta":{"footnotes":""},"categories":[1889],"tags":[1111,11,2430,1777,674,1011,27,5318,2428,6178,12,25,1340,104],"class_list":{"0":"post-494363","1":"post","2":"type-post","3":"status-publish","4":"format-standard","5":"has-post-thumbnail","7":"category-lyon","8":"tag-actu","9":"tag-actualites","10":"tag-auvergne-rhone-alpes","11":"tag-eu","12":"tag-europe","13":"tag-fr","14":"tag-france","15":"tag-islam","16":"tag-lyon","17":"tag-lyon-part-dieu","18":"tag-news","19":"tag-republique-francaise","20":"tag-restaurant","21":"tag-societe"},"share_on_mastodon":{"url":"https:\/\/pubeurope.com\/@fr\/115449158272790114","error":""},"_links":{"self":[{"href":"https:\/\/www.europesays.com\/fr\/wp-json\/wp\/v2\/posts\/494363","targetHints":{"allow":["GET"]}}],"collection":[{"href":"https:\/\/www.europesays.com\/fr\/wp-json\/wp\/v2\/posts"}],"about":[{"href":"https:\/\/www.europesays.com\/fr\/wp-json\/wp\/v2\/types\/post"}],"author":[{"embeddable":true,"href":"https:\/\/www.europesays.com\/fr\/wp-json\/wp\/v2\/users\/2"}],"replies":[{"embeddable":true,"href":"https:\/\/www.europesays.com\/fr\/wp-json\/wp\/v2\/comments?post=494363"}],"version-history":[{"count":0,"href":"https:\/\/www.europesays.com\/fr\/wp-json\/wp\/v2\/posts\/494363\/revisions"}],"wp:featuredmedia":[{"embeddable":true,"href":"https:\/\/www.europesays.com\/fr\/wp-json\/wp\/v2\/media\/494364"}],"wp:attachment":[{"href":"https:\/\/www.europesays.com\/fr\/wp-json\/wp\/v2\/media?parent=494363"}],"wp:term":[{"taxonomy":"category","embeddable":true,"href":"https:\/\/www.europesays.com\/fr\/wp-json\/wp\/v2\/categories?post=494363"},{"taxonomy":"post_tag","embeddable":true,"href":"https:\/\/www.europesays.com\/fr\/wp-json\/wp\/v2\/tags?post=494363"}],"curies":[{"name":"wp","href":"https:\/\/api.w.org\/{rel}","templated":true}]}}