{"id":494369,"date":"2025-10-28T01:22:15","date_gmt":"2025-10-28T01:22:15","guid":{"rendered":"https:\/\/www.europesays.com\/fr\/494369\/"},"modified":"2025-10-28T01:22:15","modified_gmt":"2025-10-28T01:22:15","slug":"dix-personnes-jugees-a-paris-pour-avoir-cyberharcele-brigitte-macron-3","status":"publish","type":"post","link":"https:\/\/www.europesays.com\/fr\/494369\/","title":{"rendered":"Dix personnes jug\u00e9es \u00e0 Paris pour avoir cyberharcel\u00e9 Brigitte Macron"},"content":{"rendered":"<p class=\"mb-4 text-lg md:leading-8 break-words\">Dix personnes sont jug\u00e9es lundi et mardi devant le tribunal correctionnel de Paris pour cyberharc\u00e8lement \u00e0 l&rsquo;encontre de l&rsquo;\u00e9pouse du pr\u00e9sident fran\u00e7ais, Brigitte Macron. Elle a \u00e9t\u00e9 la cible d&rsquo;une infox qui a fait le tour de la plan\u00e8te, affirmant qu&rsquo;elle serait une femme transgenre. Les explications de Johan Bodin, notre correspondant, au Tribunal judiciaire de Paris.<\/p>\n","protected":false},"excerpt":{"rendered":"Dix personnes sont jug\u00e9es lundi et mardi devant le tribunal correctionnel de Paris pour cyberharc\u00e8lement \u00e0 l&rsquo;encontre de&hellip;\n","protected":false},"author":2,"featured_media":494370,"comment_status":"","ping_status":"","sticky":false,"template":"","format":"standard","meta":{"footnotes":""},"categories":[1888],"tags":[1111,1928,11,1927,986,1777,674,1011,27,61684,12,1926,626,1925,9962,25,34787],"class_list":{"0":"post-494369","1":"post","2":"type-post","3":"status-publish","4":"format-standard","5":"has-post-thumbnail","7":"category-paris","8":"tag-actu","9":"tag-actu-paris","10":"tag-actualites","11":"tag-actualites-paris","12":"tag-brigitte-macron","13":"tag-eu","14":"tag-europe","15":"tag-fr","16":"tag-france","17":"tag-johan-bodin","18":"tag-news","19":"tag-news-paris","20":"tag-paris","21":"tag-paris-news","22":"tag-president-francais","23":"tag-republique-francaise","24":"tag-tribunal-correctionnel-de-paris"},"share_on_mastodon":{"url":"","error":""},"_links":{"self":[{"href":"https:\/\/www.europesays.com\/fr\/wp-json\/wp\/v2\/posts\/494369","targetHints":{"allow":["GET"]}}],"collection":[{"href":"https:\/\/www.europesays.com\/fr\/wp-json\/wp\/v2\/posts"}],"about":[{"href":"https:\/\/www.europesays.com\/fr\/wp-json\/wp\/v2\/types\/post"}],"author":[{"embeddable":true,"href":"https:\/\/www.europesays.com\/fr\/wp-json\/wp\/v2\/users\/2"}],"replies":[{"embeddable":true,"href":"https:\/\/www.europesays.com\/fr\/wp-json\/wp\/v2\/comments?post=494369"}],"version-history":[{"count":0,"href":"https:\/\/www.europesays.com\/fr\/wp-json\/wp\/v2\/posts\/494369\/revisions"}],"wp:featuredmedia":[{"embeddable":true,"href":"https:\/\/www.europesays.com\/fr\/wp-json\/wp\/v2\/media\/494370"}],"wp:attachment":[{"href":"https:\/\/www.europesays.com\/fr\/wp-json\/wp\/v2\/media?parent=494369"}],"wp:term":[{"taxonomy":"category","embeddable":true,"href":"https:\/\/www.europesays.com\/fr\/wp-json\/wp\/v2\/categories?post=494369"},{"taxonomy":"post_tag","embeddable":true,"href":"https:\/\/www.europesays.com\/fr\/wp-json\/wp\/v2\/tags?post=494369"}],"curies":[{"name":"wp","href":"https:\/\/api.w.org\/{rel}","templated":true}]}}