{"id":494371,"date":"2025-10-28T01:23:14","date_gmt":"2025-10-28T01:23:14","guid":{"rendered":"https:\/\/www.europesays.com\/fr\/494371\/"},"modified":"2025-10-28T01:23:14","modified_gmt":"2025-10-28T01:23:14","slug":"un-camp-scientifique-a-lespci-pour-susciter-des-vocations-chez-les-lyceennes","status":"publish","type":"post","link":"https:\/\/www.europesays.com\/fr\/494371\/","title":{"rendered":"Un camp scientifique \u00e0 l\u2019ESPCI pour susciter des vocations chez les lyc\u00e9ennes"},"content":{"rendered":"<p><a class=\"m-item-image m-item-image--1x1 o-podcast-header__image\" href=\"https:\/\/www.rfi.fr\/fr\/podcasts\/reportage-france\/\" title=\"Reportage France\" data-article-item-link=\"\" aria-hidden=\"true\" tabindex=\"-1\" target=\"_blank\" rel=\"noopener\"><\/p>\n<p><img decoding=\"async\" fetchpriority=\"high\" src=\"https:\/\/www.europesays.com\/fr\/wp-content\/uploads\/2025\/05\/carre-3000-reportage-france.jpg\"   width=\"480\" height=\"480\" alt=\"Image carr\u00e9e\" loading=\"eager\" class=\"a-img \"\/><br \/>\n                                <\/a>                <\/p>\n<p class=\"t-content__chapo\">\n                                                Il y a 30% de femmes dans les \u00e9coles d&rsquo;ing\u00e9nieurs fran\u00e7aises. \u00c0 peine 15% dans les fili\u00e8res de math\u00e9matiques. Ces chiffres, issus d&rsquo;une enqu\u00eate de la Conf\u00e9rence des grandes \u00e9coles (CGE), r\u00e9v\u00e8lent le manque de femmes dans les \u00e9tudes de sciences fondamentales. \u00c0 l&rsquo;ESPCI (\u00c9cole sup\u00e9rieure de physique et de chimie industrielles de la ville de Paris), c&rsquo;est une premi\u00e8re\u00a0: cette grande \u00e9cole d&rsquo;ing\u00e9nieurs \u00e0 Paris accueillait tout au long de la semaine derni\u00e8re un camp scientifique d\u00e9di\u00e9 aux lyc\u00e9ennes. Cinq jours de travaux pratiques, conf\u00e9rences et visites pour leur montrer que les filles ont toute leur place dans les m\u00e9tiers scientifiques. Marius Laffont les a rencontr\u00e9s lors d&rsquo;une matin\u00e9e dans les laboratoires de l&rsquo;\u00e9cole.                    <\/p>\n<p><img decoding=\"async\" fetchpriority=\"low\" src=\"https:\/\/www.europesays.com\/fr\/wp-content\/uploads\/2025\/10\/ESPCI-de-Paris.jpg\"   width=\"1024\" height=\"576\" alt=\"Vue de l'\u00c9cole sup\u00e9rieure de physique et chimie industrielle de la ville de Paris (ESPCI), place Alfred-Kasler.\" loading=\"eager\" class=\"a-img \"\/><\/p>\n<p>                Vue de l&rsquo;\u00c9cole sup\u00e9rieure de physique et chimie industrielle de la ville de Paris (ESPCI), place Alfred-Kasler.                \u00a9 LPLT \/ Wikimedia Commons CC BY-SA 3.0            <\/p>\n","protected":false},"excerpt":{"rendered":"Il y a 30% de femmes dans les \u00e9coles d&rsquo;ing\u00e9nieurs fran\u00e7aises. \u00c0 peine 15% dans les fili\u00e8res de&hellip;\n","protected":false},"author":2,"featured_media":494372,"comment_status":"","ping_status":"","sticky":false,"template":"","format":"standard","meta":{"footnotes":""},"categories":[1888],"tags":[11,1057,1777,674,1011,27,12,626,5920,25,43],"class_list":{"0":"post-494371","1":"post","2":"type-post","3":"status-publish","4":"format-standard","5":"has-post-thumbnail","7":"category-paris","8":"tag-actualites","9":"tag-education","10":"tag-eu","11":"tag-europe","12":"tag-fr","13":"tag-france","14":"tag-news","15":"tag-paris","16":"tag-reportage-france","17":"tag-republique-francaise","18":"tag-science"},"share_on_mastodon":{"url":"https:\/\/pubeurope.com\/@fr\/115449181968370567","error":""},"_links":{"self":[{"href":"https:\/\/www.europesays.com\/fr\/wp-json\/wp\/v2\/posts\/494371","targetHints":{"allow":["GET"]}}],"collection":[{"href":"https:\/\/www.europesays.com\/fr\/wp-json\/wp\/v2\/posts"}],"about":[{"href":"https:\/\/www.europesays.com\/fr\/wp-json\/wp\/v2\/types\/post"}],"author":[{"embeddable":true,"href":"https:\/\/www.europesays.com\/fr\/wp-json\/wp\/v2\/users\/2"}],"replies":[{"embeddable":true,"href":"https:\/\/www.europesays.com\/fr\/wp-json\/wp\/v2\/comments?post=494371"}],"version-history":[{"count":0,"href":"https:\/\/www.europesays.com\/fr\/wp-json\/wp\/v2\/posts\/494371\/revisions"}],"wp:featuredmedia":[{"embeddable":true,"href":"https:\/\/www.europesays.com\/fr\/wp-json\/wp\/v2\/media\/494372"}],"wp:attachment":[{"href":"https:\/\/www.europesays.com\/fr\/wp-json\/wp\/v2\/media?parent=494371"}],"wp:term":[{"taxonomy":"category","embeddable":true,"href":"https:\/\/www.europesays.com\/fr\/wp-json\/wp\/v2\/categories?post=494371"},{"taxonomy":"post_tag","embeddable":true,"href":"https:\/\/www.europesays.com\/fr\/wp-json\/wp\/v2\/tags?post=494371"}],"curies":[{"name":"wp","href":"https:\/\/api.w.org\/{rel}","templated":true}]}}