{"id":494373,"date":"2025-10-28T01:24:23","date_gmt":"2025-10-28T01:24:23","guid":{"rendered":"https:\/\/www.europesays.com\/fr\/494373\/"},"modified":"2025-10-28T01:24:23","modified_gmt":"2025-10-28T01:24:23","slug":"jai-fait-de-la-satire-dix-personnes-jugees-a-paris-pour-avoir-cyberharcele-brigitte-macron","status":"publish","type":"post","link":"https:\/\/www.europesays.com\/fr\/494373\/","title":{"rendered":"\u00ab\u00a0J\u2019ai fait de la satire\u00a0\u00bb\u00a0: dix personnes jug\u00e9es \u00e0 Paris pour avoir cyberharcel\u00e9 Brigitte Macron"},"content":{"rendered":"<p><a href=\"https:\/\/www.letelegramme.fr\/france\/cyberharcelement-sexiste-de-brigitte-macron-dix-personnes-jugees-a-paris-des-ce-lundi-6916170.php\" rel=\"nofollow noopener\" target=\"_blank\">Jug\u00e9s pour cyberharc\u00e8lement \u00e0 l\u2019encontre de Brigitte Macron<\/a>, plusieurs pr\u00e9venus ont affirm\u00e9, ce lundi, devant le tribunal correctionnel de Paris, avoir voulu faire \u00ab\u00a0de l\u2019humour\u00a0\u00bb ou \u00ab\u00a0informer\u00a0\u00bb en relayant une infox mondiale sur sa pr\u00e9tendue transidentit\u00e9 et p\u00e9dophilie. Absente du proc\u00e8s, <a href=\"https:\/\/www.letelegramme.fr\/france\/brigitte-macron-la-femme-en-armure-303339.php\" rel=\"nofollow noopener\" target=\"_blank\">l\u2019\u00e9pouse du chef de l\u2019\u00c9tat<\/a> a indiqu\u00e9 aux enqu\u00eateurs que la rumeur avait eu \u00ab\u00a0un tr\u00e8s fort retentissement\u00a0\u00bb sur son entourage et sur elle-m\u00eame, rapportant que ses petits-enfants entendaient dire que \u00ab\u00a0leur grand-m\u00e8re est un homme\u00a0\u00bb. Sa fille, Tiphaine Auzi\u00e8re, doit t\u00e9moigner, mardi, \u00e0 la demande de l\u2019avocat de sa m\u00e8re. Cette riposte judiciaire en France, doubl\u00e9e d\u2019une plainte aux \u00c9tats-Unis, intervient apr\u00e8s quatre ans de pol\u00e9miques et de rumeurs qui n\u2019ont cess\u00e9 d\u2019enfler, largement relay\u00e9es par les r\u00e9seaux complotistes et d\u2019extr\u00eame droite.<\/p>\n<p>M\u00e9dium, courtier, professeur de sport, ou encore informaticien ont commenc\u00e9 \u00e0 d\u00e9filer \u00e0 la barre, par ordre alphab\u00e9tique, aux alentours de 17\u00a0h\u00a030, apr\u00e8s d\u2019\u00e2pres d\u00e9bats de proc\u00e9dure devant une salle comble. La plupart des dix\u00a0pr\u00e9venus, \u00e2g\u00e9s de 41 \u00e0 65 ans, se demandent ce qu\u2019ils font l\u00e0. Ils sont pourtant les \u00ab\u00a0plus virulents\u00a0\u00bb, selon une source polici\u00e8re.<\/p>\n<p>Une pr\u00e9venue originaire du Morbihan<\/p>\n<p>Delphine J., connue sous le pseudo d\u2019Amandine Roy, a souhait\u00e9 exercer son droit au silence \u00e0 la barre, expliquant qu\u2019elle s\u2019\u00e9tait d\u00e9j\u00e0 longuement \u00ab\u00a0exprim\u00e9e\u00a0\u00bb. Suivie par pr\u00e8s de 20\u00a0000 personnes sur X, la m\u00e9dium de 51 ans, originaire du Morbihan, a trouv\u00e9 \u00ab\u00a0excellent\u00a0\u00bb un tweet de l\u2019influenceuse trumpiste, posant avec un T-shirt portant une Une du magazine Time d\u00e9tourn\u00e9e o\u00f9 Brigitte Macron appara\u00eet en \u00ab\u00a0homme de l\u2019ann\u00e9e\u00a0\u00bb. Lors de l\u2019annonce du petit r\u00f4le donn\u00e9 \u00e0 la premi\u00e8re dame dans une saison de la s\u00e9rie \u00ab\u00a0Emily in Paris\u00a0\u00bb, Delphine J. avait enrag\u00e9\u00a0: \u00ab\u00a0Boycottez-moi cette merde.\u00a0\u00bb Elle n\u2019a fait que \u00ab\u00a0rebondir sur l\u2019actualit\u00e9\u00a0\u00bb, avait, plus t\u00f4t, expliqu\u00e9 son avocate, Me Maud Marian, faisant valoir \u00ab\u00a0qu\u2019aucun message n\u2019a directement \u00e9t\u00e9 adress\u00e9 \u00e0 Mme Macron\u00a0\u00bb.<\/p>\n<p>Delphine J., lunettes et coupe courte, est \u00e0 l\u2019origine d\u2019une vid\u00e9o virale de quatre heures, publi\u00e9e en 2021 et retir\u00e9e depuis, affirmant que Brigitte Macron n\u2019aurait jamais exist\u00e9 et que son fr\u00e8re Jean-Michel aurait pris son identit\u00e9 apr\u00e8s un changement de sexe.<a href=\"https:\/\/www.letelegramme.fr\/france\/rumeur-sur-la-transidentite-de-brigitte-macron-deux-femmes-condamnees-pour-diffamation-6660285.php\" rel=\"nofollow noopener\" target=\"_blank\"> Condamn\u00e9e aux c\u00f4t\u00e9s de Natacha Rey pour diffamation<\/a>, en premi\u00e8re instance, en septembre 2024, par la justice fran\u00e7aise, \u00e0 payer plusieurs milliers d\u2019euros de dommages et int\u00e9r\u00eats \u00e0 Brigitte Macron et \u00e0 Jean-Michel Trogneux, elle a \u00e9t\u00e9 relax\u00e9e en appel, le 10 juillet.<\/p>\n<p>\u00ab\u00a0Une femme puissante doit accepter la critique\u00a0\u00bb<\/p>\n<p>La cour d\u2019appel n\u2019a toutefois pas valid\u00e9 la th\u00e8se des deux femmes. La juridiction a estim\u00e9 que l\u2019affirmation selon laquelle Brigitte Macron aurait \u00ab\u00a0effectu\u00e9 une transition de genre sans la rendre publique\u00a0\u00bb ne constituait pas \u00ab\u00a0une atteinte \u00e0 l\u2019honneur\u00a0\u00bb, \u00e9l\u00e9ments n\u00e9cessaires pour caract\u00e9riser la diffamation. <a href=\"https:\/\/www.letelegramme.fr\/france\/infox-sur-brigitte-macron-transgenre-la-premiere-dame-se-pourvoit-en-cassation-apres-la-relaxe-de-deux-colporteuses-de-la-rumeur-6855155.php\" rel=\"nofollow noopener\" target=\"_blank\">Brigitte\u00a0Macron et son fr\u00e8re se sont pourvus en cassation<\/a> contre cette d\u00e9cision.<\/p>\n<p>Autre pr\u00e9venu dans l\u2019affaire, J\u00e9r\u00f4me A., 49 ans, explique \u00e0 la barre avoir effectu\u00e9 une recherche sur Grok, l\u2019intelligence artificielle de la plateforme X, peu avant l\u2019audience. Selon cet informaticien, il existerait \u00ab\u00a0six millions\u00a0\u00bb de publications sur la compagne du chef de l\u2019\u00c9tat. Il est poursuivi pour avoir diffus\u00e9 une dizaine de tweets \u00ab\u00a0sarcastiques\u00a0\u00bb \u00e0 son sujet. \u00ab\u00a0Une personne puissante doit accepter la critique\u00a0\u00bb, justifie-t-il. \u00ab\u00a0Dire + la bite \u00e0 Brigitte Macron +, c\u2019est une critique\u00a0?\u00a0\u00bb, s\u2019interroge la pr\u00e9sidente.<\/p>\n<p>\u00ab\u00a0Le proc\u00e8s de la libert\u00e9 d\u2019expression\u00a0\u00bb<\/p>\n<p>Plus t\u00f4t, lors d\u2019une suspension, Aur\u00e9lien Poirson-Atlan, l\u2019un des principaux pr\u00e9venus, connu et suivi sur les r\u00e9seaux sociaux sous le pseudonyme de \u00ab\u00a0Zo\u00e9 Sagan\u00a0\u00bb, a donn\u00e9 une conf\u00e9rence de presse improvis\u00e9e, d\u00e9non\u00e7ant un \u00ab\u00a0harc\u00e8lement invers\u00e9\u00a0\u00bb. Outre ses propos visant Brigitte Macron, le publicitaire de 41 ans est connu pour avoir diffus\u00e9 les vid\u00e9os \u00e0 caract\u00e8re sexuel de Benjamin Griveaux, macroniste qui avait d\u00fb renoncer, en f\u00e9vrier 2020, \u00e0 briguer la mairie de Paris.<\/p>\n<p>\u00ab\u00a0C\u2019est le proc\u00e8s de la libert\u00e9 d\u2019expression, j\u2019ai fait de la satire, c\u2019est l\u2019esprit Charlie\u00a0\u00bb, a affirm\u00e9 J\u00e9r\u00f4me C., 55 ans, un autre pr\u00e9venu, auteur de \u00ab\u00a0quatre tweets et quelques retweets\u00a0\u00bb. Bertrand S., galeriste de 56 ans aux plus de 100\u00a0000 abonn\u00e9s sur X, a d\u00e9nonc\u00e9, la veille de l\u2019audience, sur X, un proc\u00e8s de \u00ab\u00a0la libert\u00e9 de penser\u00a0\u00bb face \u00e0 \u00ab\u00a0l\u2019\u00c9tat profond m\u00e9diatique\u00a0\u00bb.<\/p>\n<p>Influenceuse trumpiste<\/p>\n<p>N\u00e9e d\u00e8s l\u2019\u00e9lection d\u2019Emmanuel Macron, en 2017, la rumeur transphobe est devenue virale aux \u00c9tats-Unis o\u00f9 le couple pr\u00e9sidentiel a engag\u00e9, cet \u00e9t\u00e9, des poursuites contre <a href=\"https:\/\/www.letelegramme.fr\/monde\/a-los-angeles-qui-est-cette-influenceuse-controversee-qui-attise-la-colere-des-macron-6862561.php\" rel=\"nofollow noopener\" target=\"_blank\">Candace Owens, podcasteuse d\u2019extr\u00eame droite<\/a>, auteure d\u2019une s\u00e9rie de vid\u00e9os intitul\u00e9e \u00ab\u00a0Becoming Brigitte\u00a0\u00bb (\u00ab\u00a0Devenir Brigitte\u00a0\u00bb). Plusieurs personnes jug\u00e9es \u00e0 Paris ont relay\u00e9 les publications virales de l\u2019Am\u00e9ricaine, se r\u00e9jouissant de voir \u00ab\u00a0l\u2019affaire Brigitte\u00a0\u00bb s\u2019internationaliser.<\/p>\n<p>L\u2019audience reprendra mardi, \u00e0 10\u00a0h.<\/p>\n","protected":false},"excerpt":{"rendered":"Jug\u00e9s pour cyberharc\u00e8lement \u00e0 l\u2019encontre de Brigitte Macron, plusieurs pr\u00e9venus ont affirm\u00e9, ce lundi, devant le tribunal correctionnel&hellip;\n","protected":false},"author":2,"featured_media":494374,"comment_status":"","ping_status":"","sticky":false,"template":"","format":"standard","meta":{"footnotes":""},"categories":[1888],"tags":[11,1073,765,1777,674,1011,27,3668,303,12,626,25],"class_list":{"0":"post-494373","1":"post","2":"type-post","3":"status-publish","4":"format-standard","5":"has-post-thumbnail","7":"category-paris","8":"tag-actualites","9":"tag-emmanuel-macron","10":"tag-en-continu","11":"tag-eu","12":"tag-europe","13":"tag-fr","14":"tag-france","15":"tag-harcelement","16":"tag-justice","17":"tag-news","18":"tag-paris","19":"tag-republique-francaise"},"share_on_mastodon":{"url":"https:\/\/pubeurope.com\/@fr\/115449185239011677","error":""},"_links":{"self":[{"href":"https:\/\/www.europesays.com\/fr\/wp-json\/wp\/v2\/posts\/494373","targetHints":{"allow":["GET"]}}],"collection":[{"href":"https:\/\/www.europesays.com\/fr\/wp-json\/wp\/v2\/posts"}],"about":[{"href":"https:\/\/www.europesays.com\/fr\/wp-json\/wp\/v2\/types\/post"}],"author":[{"embeddable":true,"href":"https:\/\/www.europesays.com\/fr\/wp-json\/wp\/v2\/users\/2"}],"replies":[{"embeddable":true,"href":"https:\/\/www.europesays.com\/fr\/wp-json\/wp\/v2\/comments?post=494373"}],"version-history":[{"count":0,"href":"https:\/\/www.europesays.com\/fr\/wp-json\/wp\/v2\/posts\/494373\/revisions"}],"wp:featuredmedia":[{"embeddable":true,"href":"https:\/\/www.europesays.com\/fr\/wp-json\/wp\/v2\/media\/494374"}],"wp:attachment":[{"href":"https:\/\/www.europesays.com\/fr\/wp-json\/wp\/v2\/media?parent=494373"}],"wp:term":[{"taxonomy":"category","embeddable":true,"href":"https:\/\/www.europesays.com\/fr\/wp-json\/wp\/v2\/categories?post=494373"},{"taxonomy":"post_tag","embeddable":true,"href":"https:\/\/www.europesays.com\/fr\/wp-json\/wp\/v2\/tags?post=494373"}],"curies":[{"name":"wp","href":"https:\/\/api.w.org\/{rel}","templated":true}]}}