{"id":494375,"date":"2025-10-28T01:25:18","date_gmt":"2025-10-28T01:25:18","guid":{"rendered":"https:\/\/www.europesays.com\/fr\/494375\/"},"modified":"2025-10-28T01:25:18","modified_gmt":"2025-10-28T01:25:18","slug":"quest-ce-que-le-bourevestnik-le-nouveau-missile-russe-teste-par-moscou","status":"publish","type":"post","link":"https:\/\/www.europesays.com\/fr\/494375\/","title":{"rendered":"qu\u2019est-ce que le Bourevestnik, le nouveau missile russe test\u00e9 par Moscou\u00a0?"},"content":{"rendered":"<p>      <img fetchpriority=\"high\" decoding=\"async\" class=\"mx-auto\" src=\"data:image\/svg+xml,%3Csvg%20xmlns%3D%27http%3A%2F%2Fwww.w3.org%2F2000%2Fsvg%27%20fill%3D%22%23e4e4e4%22%20viewBox%3D%270%200%20510%20340%27%20width%3D%22510%22%20height%3D%22340%22%3E%3Cpath%20d%3D%27M0%200h510v340H0z%27%2F%3E%3C%2Fsvg%3E\"  loading=\"eager\" width=\"510\" height=\"340\" data-oncrawl-image-size=\"510x340\" alt=\"Vladimir Poutine \u00e0 Moscou, le 6\u00a0octobre 2025.\"\/>      <\/p>\n<p class=\"latino-100m text-grey-600\">\n            Vladimir Poutine \u00e0 Moscou, le 6\u00a0octobre 2025.\u00a0ALEXANDER KAZAKOV \/ AFP        <\/p>\n<p>        Lire\u00a0plus\u00a0tard      <\/p>\n<p><a aria-label=\"Nous suivre sur Google News\" href=\"https:\/\/news.google.com\/publications\/CAAqBwgKMJe4nQkw3dFs?hl=fr&amp;gl=FR&amp;ceid=FR%3Afr\" target=\"_blank\" data-piano=\"Page_Article,Sous_date_publi,Nous_suivre_sur_google_news,1er_clic,action\" class=\"btn btn--small btn--tertiary btn--icon-only\" rel=\"nofollow noopener\"><\/p>\n<p>      Google Actualit\u00e9s<br \/>\n  <\/a><\/p>\n<p>  Partager<\/p>\n<p>        Facebook<\/p>\n<p>        Bluesky<\/p>\n<p>        E-mail<\/p>\n<p>        Copier le lien<\/p>\n<p>      Envoyer<\/p>\n<p>      S\u2019abonner    <\/p>\n<p class=\"node__paragraphe antonia-750r text-grey-800 pb-24 pb-md-32\">\nVladimir Poutine a salu\u00e9 \u00ab\u00a0une cr\u00e9ation unique \u00e0 port\u00e9e illimit\u00e9e\u00a0\u00bb. La Russie a annonc\u00e9 dimanche 26\u00a0octobre avoir inform\u00e9 Washington d\u2019un essai final r\u00e9ussi de son missile de croisi\u00e8re \u00e0 propulsion nucl\u00e9aire, Bourevestnik. Une arme innovante, pens\u00e9e pour contrer les efforts am\u00e9ricains de d\u00e9fense antimissile, mais qui ne bouleverse pas les \u00e9quilibres strat\u00e9giques actuels, selon les experts. On fait le point.<\/p>\n<p>\u2022 \u00ab\u00a0Petit Tchernobyl volant\u00a0\u00bb<\/p>\n<p class=\"node__paragraphe antonia-750r text-grey-800 pb-24 pb-md-32\">\nContrairement aux missiles classiques exclusivement propuls\u00e9s par des carburants chimiques, le missile Bourevestnik (\u00ab\u00a0oiseau de temp\u00eate\u00a0\u00bb en russe) utilise un r\u00e9acteur nucl\u00e9aire. Ce dernier chauffe de l\u2019hydrog\u00e8ne, qui sert de carburant et g\u00e9n\u00e8re la pouss\u00e9e. \u00ab\u00a0Cela permet d\u2019allonger consid\u00e9rablement le temps de vol et la port\u00e9e\u00a0\u00bb, explique Amaury Dufay, chercheur au centre IESD \u00e0 Lyon et sp\u00e9cialiste de la propulsion nucl\u00e9aire, cit\u00e9 par l\u2019AFP. \u00ab\u00a0C\u2019est un peu comme si vous aviez un moteur de voiture qui consomme beaucoup moins de litres aux 100\u00a0km\u00a0\u00bb.<\/p>\n<p class=\"latino-500b text-grey-600 pb-16\">A lire aussi<\/p>\n<p><a href=\"https:\/\/www.nouvelobs.com\/monde\/20251001.OBS108243\/defense-europeenne-les-vingt-sept-se-retrouvent-dans-un-danemark-au-c-ur-des-menaces-avec-un-il-sur-le-ciel.html\" data-article-key=\"20251001.OBS108243\" class=\"link--box flex-grow-1\" data-piano=\"Page_Article,Lire_aussi,,Lien1,navigation\" rel=\"nofollow noopener\" target=\"_blank\"><\/p>\n<p>                <img decoding=\"async\" src=\"data:image\/svg+xml,%3Csvg%20xmlns%3D%27http%3A%2F%2Fwww.w3.org%2F2000%2Fsvg%27%20fill%3D%22%23e4e4e4%22%20viewBox%3D%270%200%20120%2080%27%20width%3D%22120%22%20height%3D%2280%22%3E%3Cpath%20d%3D%27M0%200h120v80H0z%27%2F%3E%3C%2Fsvg%3E\"  width=\"120\" height=\"79\" loading=\"lazy\" alt=\"Une fr\u00e9gate danoise longe la c\u00f4te de Copenhague, pr\u00e8s du pont de l\u2019\u00d8resund, le 29\u00a0septembre 2025.\"\/><\/p>\n<p class=\"latino-300r latino-lg-600m text-grey-800\">\n                      <strong class=\"latino-300b latino-lg-600m text-grey-500\">Analyse\u00a0<\/strong><br \/>\n                    D\u00e9fense europ\u00e9enne\u00a0: les Vingt-Sept se retrouvent dans un Danemark au c\u0153ur des menaces\u2026 avec un \u0153il sur le ciel        <\/p>\n<p><\/a><\/p>\n<p class=\"node__paragraphe antonia-750r text-grey-800 pb-24 pb-md-32\">\nLes diff\u00e9rents tests attribu\u00e9s aux essais du Bourevestnik depuis 2019\u00a0avaient, \u00ab\u00a0\u00e0 plusieurs reprises caus\u00e9 des inqui\u00e9tudes au sein des Nations unies en raison du potentiel danger de contamination radioactive\u00a0\u00bb, a rappel\u00e9 <a target=\"_blank\" href=\"https:\/\/x.com\/Gerashchenko_en\/status\/1982346117736968560?ref_src=twsrc%5Etfw%7Ctwcamp%5Etweetembed%7Ctwterm%5E1982346117736968560%7Ctwgr%5E721b1eaf56356a01e5e1e8b94b07ba80ce87f536%7Ctwcon%5Es1_&amp;ref_url=https%3A%2F%2Fwww.leparisien.fr%2Finternational%2Ftchernobyl-volant-quest-ce-que-le-bourevestnik-ce-missile-a-propulsion-nucleaire-que-moscou-vient-de-tester-26-10-2025-JWGAR5UDTBET3IFIZL6TVRVBZU.php\" rel=\"noopener nofollow\">sur X<\/a> Anton Gerashchenko, ex-conseiller du minist\u00e8re ukrainien de l\u2019Int\u00e9rieur et fondateur de l\u2019Institut pour le futur. Un lourd impact sanitaire qui lui vaut son surnom de \u00ab\u00a0petit Tchernobyl volant\u00a0\u00bb.<\/p>\n<p>\u2022 14\u00a0000\u00a0kilom\u00e8tres en 15\u00a0heures<\/p>\n<p class=\"node__paragraphe antonia-750r text-grey-800 pb-24 pb-md-32\">\nGr\u00e2ce \u00e0 cette propulsion nucl\u00e9aire, le Bourevestnik pourrait cibler des sites \u00e0 \u00ab\u00a0n\u2019importe quelle distance\u00a0\u00bb, a vant\u00e9 le chef de l\u2019\u00c9tat-major russe Val\u00e9ri Gu\u00e9rassimov\u00a0: le missile aurait ainsi parcouru 14\u00a0000 kilom\u00e8tres &#8211; soit plus que la distance entre Moscou et Washington (10\u00a0000\u00a0km) &#8211; en 15\u00a0heures, d\u2019apr\u00e8s la Russie. Et cette distance \u00ab\u00a0n\u2019est pas une limite\u00a0\u00bb selon Val\u00e9ri Gu\u00e9rassimov.<\/p>\n<p class=\"node__paragraphe antonia-750r text-grey-800 pb-24 pb-md-32\">\n\u00ab\u00a0Son objectif est de voler longtemps, tr\u00e8s bas, entre 15 et 200 m\u00e8tres, ce qui complique la d\u00e9tection\u00a0\u00bb, selon Amaury Dufay. On peut imaginer le faire \u00ab\u00a0d\u00e9coller de Russie, faire un d\u00e9tour par l\u2019Am\u00e9rique du Sud et attaquer l\u2019Am\u00e9rique du Nord par le Sud, par des c\u00f4t\u00e9s qui pourraient \u00eatre moins d\u00e9fendus par les d\u00e9fenses anti-missiles am\u00e9ricaines\u00a0\u00bb.<\/p>\n<p class=\"latino-500b text-grey-600 pb-16\">A lire aussi<\/p>\n<p><a href=\"https:\/\/www.nouvelobs.com\/chroniques\/20250923.OBS107979\/drones-et-avions-russes-comment-poutine-fait-progressivement-monter-la-pression-sur-l-europe.html\" data-article-key=\"20250923.OBS107979\" class=\"link--box flex-grow-1\" data-piano=\"Page_Article,Lire_aussi,,Lien2,navigation\" rel=\"nofollow noopener\" target=\"_blank\"><\/p>\n<p>                <img decoding=\"async\" src=\"data:image\/svg+xml,%3Csvg%20xmlns%3D%27http%3A%2F%2Fwww.w3.org%2F2000%2Fsvg%27%20fill%3D%22%23e4e4e4%22%20viewBox%3D%270%200%20120%2080%27%20width%3D%22120%22%20height%3D%2280%22%3E%3Cpath%20d%3D%27M0%200h120v80H0z%27%2F%3E%3C%2Fsvg%3E\"  width=\"120\" height=\"79\" loading=\"lazy\" alt=\"Les fragments d\u2019un drone sont visibles dans le village de Mniszk\u00f3w, dans le centre de la Pologne, o\u00f9 l\u2019un des appareils russes ayant viol\u00e9 l\u2019espace a\u00e9rien polonais la nuit pr\u00e9c\u00e9dente a \u00e9t\u00e9 d\u00e9couvert le 10\u00a0septembre 2025.\"\/><\/p>\n<p class=\"latino-300r latino-lg-600m text-grey-800\">\n                      <strong class=\"latino-300b latino-lg-600m text-grey-500\">Chronique\u00a0<\/strong><br \/>\n                    Drones et avions russes : comment Poutine fait progressivement monter la pression sur l\u2019Europe        <\/p>\n<p><\/a><\/p>\n<p class=\"node__paragraphe antonia-750r text-grey-800 pb-24 pb-md-32\">\nEn revanche, il est relativement lent, \u00e0 une vitesse subsonique, et \u00ab\u00a0a priori sa capacit\u00e9 de man\u0153uvre et d\u2019\u00e9vitement est limit\u00e9e par sa lenteur\u00a0\u00bb, estime H\u00e9lo\u00efse Fayet, sp\u00e9cialiste du nucl\u00e9aire au centre de r\u00e9flexion fran\u00e7ais IFRI, aupr\u00e8s de l\u2019AFP.<\/p>\n<p>\u2022 Une r\u00e9ponse au \u00ab\u00a0Golden Dome\u00a0\u00bb am\u00e9ricain<\/p>\n<p class=\"node__paragraphe antonia-750r text-grey-800 pb-24 pb-md-32\">\nCette arme tente de fournir une r\u00e9ponse au renforcement des syst\u00e8mes de d\u00e9fense antimissile, en particulier les Etats-Unis et leur projet de Golden Dome ou \u00ab\u00a0D\u00f4me d\u2019or\u00a0\u00bb, annonc\u00e9 il y a quelques mois par le pr\u00e9sident am\u00e9ricain Donald Trump, qui souhaite sa mise en service d\u2019ici la fin de son mandat. \u00ab\u00a0Le Golden Dome am\u00e9ricain et les projets de d\u00e9veloppement de d\u00e9fense antimissile en g\u00e9n\u00e9ral sont parmi les principaux moteurs\u00a0\u00bb du projet, a expliqu\u00e9 sur X l\u2019analyste russe sp\u00e9cialiste des questions nucl\u00e9aires Dmitry Stefanovich.<\/p>\n<p class=\"latino-500b text-grey-600 pb-16\">A lire aussi<\/p>\n<p><a href=\"https:\/\/www.nouvelobs.com\/monde\/20250522.OBS104186\/le-dome-d-or-de-trump-un-bouclier-antimissile-irrealisable-a-175-milliards-de-dollars.html\" data-article-key=\"20250522.OBS104186\" class=\"link--box flex-grow-1\" data-piano=\"Page_Article,Lire_aussi,,Lien3,navigation\" rel=\"nofollow noopener\" target=\"_blank\"><\/p>\n<p>                <img decoding=\"async\" src=\"data:image\/svg+xml,%3Csvg%20xmlns%3D%27http%3A%2F%2Fwww.w3.org%2F2000%2Fsvg%27%20fill%3D%22%23e4e4e4%22%20viewBox%3D%270%200%20120%2080%27%20width%3D%22120%22%20height%3D%2280%22%3E%3Cpath%20d%3D%27M0%200h120v80H0z%27%2F%3E%3C%2Fsvg%3E\"  width=\"120\" height=\"80\" loading=\"lazy\" alt=\"Donald Trump dans le bureau Ovale de la Maison-Blanche, le 20\u00a0mai 2025, \u00e0 Washington.\"\/><\/p>\n<p class=\"latino-300r latino-lg-600m text-grey-800\">\n                      <strong class=\"latino-300b latino-lg-600m text-grey-500\">D\u00e9cryptage\u00a0<\/strong><br \/>\n                    Le \u00ab\u00a0D\u00f4me d\u2019or\u00a0\u00bb de Trump, un bouclier antimissile \u00ab\u00a0irr\u00e9alisable\u00a0\u00bb \u00e0 175\u00a0milliards de dollars        <\/p>\n<p><\/a><\/p>\n<p class=\"node__paragraphe antonia-750r text-grey-800 pb-24 pb-md-32\">\nDonald Trump, lui a fustig\u00e9 l\u2019annonce sur le Bourevestnik, estimant que Vladimir Poutine devrait plut\u00f4t \u00ab\u00a0mettre fin \u00e0 la guerre\u00a0\u00bb en Ukraine. \u00ab\u00a0Cette guerre qui devait durer une semaine entrera bient\u00f4t dans sa quatri\u00e8me ann\u00e9e. Voil\u00e0 ce qu\u2019il devrait faire plut\u00f4t que de tester des missiles\u00a0\u00bb, a-t-il ajout\u00e9.<\/p>\n<p>\u2022 Un impact strat\u00e9gique encore limit\u00e9<\/p>\n<p class=\"node__paragraphe antonia-750r text-grey-800 pb-24 pb-md-32\">\nLe Bourevestnik est \u00ab\u00a0une cr\u00e9ation unique que personne d\u2019autre dans le monde ne poss\u00e8de\u00a0\u00bb, s\u2019est f\u00e9licit\u00e9 Vladimir Poutine. Pourtant \u00e0 l\u2019heure actuelle, son impact strat\u00e9gique reste limit\u00e9. \u00ab\u00a0Le missile n\u2019est pas op\u00e9rationnel, il n\u2019y a pour l\u2019instant aucune infrastructure de d\u00e9ploiement dans les forces, pas de doctrine d\u2019emploi\u00a0\u00bb, explique H\u00e9lo\u00efse Fayet. \u00ab\u00a0Je pense qu\u2019il faut voir cela comme une tentative de Poutine de continuer d\u2019\u00e9puiser Trump sur le nucl\u00e9aire et la d\u00e9fense antimissile. C\u2019est dans son int\u00e9r\u00eat de le persuader qu\u2019il a absolument besoin d\u2019un Golden Dome, mobilisant de nombreuses ressources\u00a0\u00bb, ajoute-t-elle.<\/p>\n<p class=\"latino-500b text-grey-600 pb-16\">A lire aussi<\/p>\n<p><a href=\"https:\/\/www.nouvelobs.com\/monde\/20251003.OBS108347\/drones-russes-l-idee-d-un-mur-antidrones-deja-tuee-dans-l-uf-par-macron-merz-et-meloni.html\" data-article-key=\"20251003.OBS108347\" class=\"link--box flex-grow-1\" data-piano=\"Page_Article,Lire_aussi,,Lien4,navigation\" rel=\"nofollow noopener\" target=\"_blank\"><\/p>\n<p>                <img decoding=\"async\" src=\"data:image\/svg+xml,%3Csvg%20xmlns%3D%27http%3A%2F%2Fwww.w3.org%2F2000%2Fsvg%27%20fill%3D%22%23e4e4e4%22%20viewBox%3D%270%200%20120%2080%27%20width%3D%22120%22%20height%3D%2280%22%3E%3Cpath%20d%3D%27M0%200h120v80H0z%27%2F%3E%3C%2Fsvg%3E\"  width=\"120\" height=\"80\" loading=\"lazy\" alt=\"La pr\u00e9sidente de la Commission Ursula von der Leyen et le pr\u00e9sident ukrainien Volodymyr Zelensky, le jeudi 2\u00a0octobre \u00e0 Copenhague.\"\/><\/p>\n<p class=\"latino-300r latino-lg-600m text-grey-800\">\n                      <strong class=\"latino-300b latino-lg-600m text-grey-500\">R\u00e9cit\u00a0<\/strong><br \/>\n                    Drones russes\u00a0: l\u2019id\u00e9e d\u2019un \u00ab\u00a0mur antidrones\u00a0\u00bb d\u00e9j\u00e0 tu\u00e9e dans l\u2019\u0153uf par Macron, Merz et Meloni        <\/p>\n<p><\/a><\/p>\n<p class=\"node__paragraphe antonia-750r text-grey-800 pb-24 pb-md-32\">\nCar aujourd\u2019hui, ni les Etats-Unis, ni, encore moins, l\u2019Europe, n\u2019ont de \u00ab\u00a0bouclier antimissile permettant d\u2019intercepter une attaque massive de missiles balistiques et de croisi\u00e8re\u00a0\u00bb, explique <a target=\"_blank\" href=\"https:\/\/x.com\/Etienne_Marcuz\/status\/1982358021356331113\" rel=\"noopener nofollow\">sur X<\/a> Etienne Marcuz, chercheur \u00e0 la FRS. S\u2019il d\u00e9crit une \u00ab\u00a0belle prouesse technologique\u00a0\u00bb, l\u2019analyste estime toutefois que \u00ab\u00a0cette arme, dont le co\u00fbt est probablement exorbitant, ne change en rien la balance strat\u00e9gique entre la Russie et ses adversaires occidentaux. Il s\u2019agit donc d\u2019un non-\u00e9v\u00e9nement strat\u00e9gique.\u00a0\u00bb<\/p>\n<p class=\"authors latino-600m text-grey-800\">\n<p>  Par\u00a0<br \/>\nService Actu\u00a0(avec AFP)<\/p>\n","protected":false},"excerpt":{"rendered":"Vladimir Poutine \u00e0 Moscou, le 6\u00a0octobre 2025.\u00a0ALEXANDER KAZAKOV \/ AFP Lire\u00a0plus\u00a0tard Google Actualit\u00e9s Partager Facebook Bluesky E-mail Copier&hellip;\n","protected":false},"author":2,"featured_media":494376,"comment_status":"","ping_status":"","sticky":false,"template":"","format":"standard","meta":{"footnotes":""},"categories":[1591],"tags":[17,11,61685,1887,3343,74,1916,12,8013,1885,1886,132,14922,4104,9818],"class_list":{"0":"post-494375","1":"post","2":"type-post","3":"status-publish","4":"format-standard","5":"has-post-thumbnail","7":"category-russie","8":"tag-17","9":"tag-actualites","10":"tag-bourevestnik","11":"tag-federation-de-russie","12":"tag-missile","13":"tag-monde","14":"tag-moscou","15":"tag-news","16":"tag-russe","17":"tag-russia","18":"tag-russian-federation","19":"tag-russie","20":"tag-tchernobyl","21":"tag-teste","22":"tag-volant"},"share_on_mastodon":{"url":"https:\/\/pubeurope.com\/@fr\/115449189241278391","error":""},"_links":{"self":[{"href":"https:\/\/www.europesays.com\/fr\/wp-json\/wp\/v2\/posts\/494375","targetHints":{"allow":["GET"]}}],"collection":[{"href":"https:\/\/www.europesays.com\/fr\/wp-json\/wp\/v2\/posts"}],"about":[{"href":"https:\/\/www.europesays.com\/fr\/wp-json\/wp\/v2\/types\/post"}],"author":[{"embeddable":true,"href":"https:\/\/www.europesays.com\/fr\/wp-json\/wp\/v2\/users\/2"}],"replies":[{"embeddable":true,"href":"https:\/\/www.europesays.com\/fr\/wp-json\/wp\/v2\/comments?post=494375"}],"version-history":[{"count":0,"href":"https:\/\/www.europesays.com\/fr\/wp-json\/wp\/v2\/posts\/494375\/revisions"}],"wp:featuredmedia":[{"embeddable":true,"href":"https:\/\/www.europesays.com\/fr\/wp-json\/wp\/v2\/media\/494376"}],"wp:attachment":[{"href":"https:\/\/www.europesays.com\/fr\/wp-json\/wp\/v2\/media?parent=494375"}],"wp:term":[{"taxonomy":"category","embeddable":true,"href":"https:\/\/www.europesays.com\/fr\/wp-json\/wp\/v2\/categories?post=494375"},{"taxonomy":"post_tag","embeddable":true,"href":"https:\/\/www.europesays.com\/fr\/wp-json\/wp\/v2\/tags?post=494375"}],"curies":[{"name":"wp","href":"https:\/\/api.w.org\/{rel}","templated":true}]}}