{"id":494381,"date":"2025-10-28T01:28:16","date_gmt":"2025-10-28T01:28:16","guid":{"rendered":"https:\/\/www.europesays.com\/fr\/494381\/"},"modified":"2025-10-28T01:28:16","modified_gmt":"2025-10-28T01:28:16","slug":"le-secretaire-general-to-lam-et-son-epouse-partent-pour-une-visite-officielle-au-royaume-uni","status":"publish","type":"post","link":"https:\/\/www.europesays.com\/fr\/494381\/","title":{"rendered":"Le secr\u00e9taire g\u00e9n\u00e9ral To Lam et son \u00e9pouse partent pour une visite officielle au Royaume-Uni."},"content":{"rendered":"<p>Fran\u00e7ais La d\u00e9l\u00e9gation officielle comprenait : le pr\u00e9sident de la Commission centrale d&rsquo;inspection Nguyen Duy Ngoc, le chef de la Commission centrale de propagande et de mobilisation de masse Nguyen Trong Nghia, le vice-Premier ministre permanent Nguyen <a class=\"data-link\" data-org-href=\"https:\/\/www.vietnam.vn\/destination\/hoa-binh\" href=\"https:\/\/www.vietnam.vn\/destination\/hoa-binh\" title=\"Paix\" target=\"_blank\" rel=\"noopener\">Hoa Binh<\/a> , le g\u00e9n\u00e9ral Phan Van Giang, ministre de la D\u00e9fense nationale ; le g\u00e9n\u00e9ral Luong Tam Quang, ministre de la S\u00e9curit\u00e9 publique ; le ministre des Affaires \u00e9trang\u00e8res Le Hoai Trung, le secr\u00e9taire du Comit\u00e9 du Parti de Ho Chi Minh-Ville Tran Luu Quang, le chef du bureau du Comit\u00e9 central du Parti Pham Gia Tuc, le ministre des Minorit\u00e9s ethniques et des Religions Dao Ngoc Dung, l&rsquo;inspecteur g\u00e9n\u00e9ral du gouvernement Doan Hong Phong, le ministre des Finances Nguyen Van Thang, le ministre de la Science et de la Technologie Nguyen Manh Hung, le ministre de l&rsquo;\u00c9ducation et de la Formation Nguyen Kim Son, le gouverneur de la Banque d&rsquo;\u00c9tat Nguyen Thi Hong ; M. To An Xo, assistant du secr\u00e9taire g\u00e9n\u00e9ral, charg\u00e9 du bureau du secr\u00e9taire g\u00e9n\u00e9ral ; l&rsquo;ambassadeur du Vietnam au Royaume-Uni Do Minh Hung. <\/p>\n<p><img data-original=\"https:\/\/static-images.vnncdn.net\/vps_images_publish\/000001\/000003\/2025\/10\/28\/tong-bi-thu-to-lam-len-duong-tham-chinh-thuc-lien-hiep-vuong-quoc-anh-va-bac-ireland-8368179-158.jpg?width=0&amp;s=Y0EAcd3QGSIWKetnsJszVg\" class=\"lazy \"  alt=\"Le Secr\u00e9taire g\u00e9n\u00e9ral du Royaume-Uni de Grande-Bretagne et d'Irlande du Nord 8368179.jpg\" data-thumb-small-src=\"https:\/\/www.europesays.com\/fr\/wp-content\/uploads\/2025\/10\/tong-bi-thu-to-lam-len-duong-tham-chinh-thuc-lien-hiep-vuong-quoc-anh-va-bac-ireland-8368179-158.jpg\"\/> Le secr\u00e9taire g\u00e9n\u00e9ral To Lam et son \u00e9pouse quittent <a class=\"data-link\" data-org-href=\"https:\/\/www.vietnam.vn\/destination\/ha-noi\" href=\"https:\/\/www.vietnam.vn\/destination\/ha-noi\" title=\"Hano\u00ef\" target=\"_blank\" rel=\"noopener\">Hano\u00ef<\/a> pour une visite officielle au Royaume-Uni. Photo\u00a0: VNA<\/p>\n<p> Il s\u2019agit de la premi\u00e8re visite d\u2019un <a class=\"data-link\" data-org-href=\"https:\/\/www.vietnam.vn\/tag\/tong-bi-thu\" href=\"https:\/\/www.vietnam.vn\/tag\/tong-bi-thu\" title=\"Secr\u00e9taire g\u00e9n\u00e9ral\" target=\"_blank\" rel=\"noopener\">secr\u00e9taire g\u00e9n\u00e9ral<\/a> vietnamien au Royaume-Uni depuis 12 ans \u2013 un \u00e9v\u00e9nement historique et tr\u00e8s important.<\/p>\n<p> La visite du secr\u00e9taire g\u00e9n\u00e9ral To Lam et de son \u00e9pouse a eu lieu \u00e0 l&rsquo;occasion du 15e anniversaire de l&rsquo;\u00e9tablissement du partenariat strat\u00e9gique Vietnam &#8211; Royaume-Uni (2010-2025).<\/p>\n<p> Cette visite constitue une \u00e9tape importante pour les deux pays, leur permettant de revenir sur le parcours de coop\u00e9ration pass\u00e9, d&rsquo;\u00e9valuer les r\u00e9alisations exceptionnelles et de d\u00e9finir une nouvelle vision et une nouvelle direction de d\u00e9veloppement pour les relations bilat\u00e9rales dans la p\u00e9riode \u00e0 venir.<\/p>\n<p> C&rsquo;est une opportunit\u00e9 pour les deux parties de discuter et de convenir des orientations \u00e0 suivre pour promouvoir et \u00e9lever la relation \u00e0 un nouveau niveau dans la p\u00e9riode \u00e0 venir, accro\u00eetre la confiance politique, am\u00e9liorer l&rsquo;efficacit\u00e9 de la coop\u00e9ration dans les domaines traditionnels tels que le commerce &#8211; investissement, l&rsquo;\u00e9ducation &#8211; formation, science &#8211; technologie, et en m\u00eame temps \u00e9largir la coop\u00e9ration dans de nouveaux domaines qui sont les points forts du Royaume-Uni et qui sont adapt\u00e9s aux besoins de d\u00e9veloppement du Vietnam tels que la finance, la haute technologie, les infrastructures strat\u00e9giques, l&rsquo;\u00e9nergie verte et le d\u00e9veloppement durable.<\/p>\n<p> La visite a \u00e9galement confirm\u00e9 la politique \u00e9trang\u00e8re du Vietnam ax\u00e9e sur l&rsquo;ind\u00e9pendance, l&rsquo;autonomie, la diversification, la multilat\u00e9ralisation, la paix, la coop\u00e9ration et le d\u00e9veloppement, contribuant \u00e0 renforcer le prestige et la position \u00e9trang\u00e8re du Vietnam dans la r\u00e9gion et dans le monde.<\/p>\n<p> Avant la visite, l&rsquo;ambassadeur Do Minh Hung a d\u00e9clar\u00e9 que le secr\u00e9taire g\u00e9n\u00e9ral To Lam devrait s&rsquo;entretenir avec le Premier ministre britannique Keir Starmer et rencontrer les dirigeants de l&rsquo;Assembl\u00e9e nationale pour discuter et convenir de mesures visant \u00e0 promouvoir le partenariat strat\u00e9gique entre les deux pays ; assister et prononcer un discours lors d&rsquo;une conf\u00e9rence \u00e9conomique de haut niveau avec de nombreuses grandes entreprises britanniques pour renforcer la coop\u00e9ration dans les domaines de la finance, de la banque, de l&rsquo;\u00e9nergie, de la science, de la technologie et du d\u00e9veloppement vert.<\/p>\n<p> \u00c0 l&rsquo;Universit\u00e9 d&rsquo;Oxford, principal centre de recherche et de formation du Royaume-Uni, le secr\u00e9taire g\u00e9n\u00e9ral To Lam devrait prononcer un discours politique important sur la vision du cadre des relations entre le Vietnam et le Royaume-Uni et sur l&rsquo;orientation de la r\u00e9novation et du d\u00e9veloppement du Vietnam \u00e0 l&rsquo;\u00e8re du d\u00e9veloppement national.<\/p>\n<p> Le Secr\u00e9taire g\u00e9n\u00e9ral rencontrera des repr\u00e9sentants de la communaut\u00e9 vietnamienne vivant, \u00e9tudiant et travaillant au Royaume-Uni, affirmant la politique coh\u00e9rente du Parti et de l&rsquo;\u00c9tat envers la communaut\u00e9 vietnamienne \u00e0 l&rsquo;\u00e9tranger et l&rsquo;attention du Secr\u00e9taire g\u00e9n\u00e9ral \u00e0 la communaut\u00e9 vietnamienne au Royaume-Uni. <\/p>\n<p class=\"mb-0\"> Source : https:\/\/vietnamnet.vn\/tong-bi-thu-to-lam-va-phu-nhan-len-duong-chinh-thuc-tham-anh-2456943.html<\/p>\n","protected":false},"excerpt":{"rendered":"Fran\u00e7ais La d\u00e9l\u00e9gation officielle comprenait : le pr\u00e9sident de la Commission centrale d&rsquo;inspection Nguyen Duy Ngoc, le chef&hellip;\n","protected":false},"author":2,"featured_media":494382,"comment_status":"","ping_status":"","sticky":false,"template":"","format":"standard","meta":{"footnotes":""},"categories":[1588],"tags":[61507,11,1777,674,12,61688,473,1853,17732,1851,1850,1852,61375],"class_list":{"0":"post-494381","1":"post","2":"type-post","3":"status-publish","4":"format-standard","5":"has-post-thumbnail","7":"category-royaume-uni","8":"tag-a-lam","9":"tag-actualites","10":"tag-eu","11":"tag-europe","12":"tag-news","13":"tag-ngo-phuong-ly","14":"tag-royaume-uni","15":"tag-royaume-uni-de-grande-bretagne-et-dirlande-du-nord","16":"tag-secretaire-general","17":"tag-uk","18":"tag-united-kingdom","19":"tag-united-kingdom-of-great-britain-and-northern-ireland","20":"tag-vietnam-royaume-uni"},"share_on_mastodon":{"url":"https:\/\/pubeurope.com\/@fr\/115449200887086207","error":""},"_links":{"self":[{"href":"https:\/\/www.europesays.com\/fr\/wp-json\/wp\/v2\/posts\/494381","targetHints":{"allow":["GET"]}}],"collection":[{"href":"https:\/\/www.europesays.com\/fr\/wp-json\/wp\/v2\/posts"}],"about":[{"href":"https:\/\/www.europesays.com\/fr\/wp-json\/wp\/v2\/types\/post"}],"author":[{"embeddable":true,"href":"https:\/\/www.europesays.com\/fr\/wp-json\/wp\/v2\/users\/2"}],"replies":[{"embeddable":true,"href":"https:\/\/www.europesays.com\/fr\/wp-json\/wp\/v2\/comments?post=494381"}],"version-history":[{"count":0,"href":"https:\/\/www.europesays.com\/fr\/wp-json\/wp\/v2\/posts\/494381\/revisions"}],"wp:featuredmedia":[{"embeddable":true,"href":"https:\/\/www.europesays.com\/fr\/wp-json\/wp\/v2\/media\/494382"}],"wp:attachment":[{"href":"https:\/\/www.europesays.com\/fr\/wp-json\/wp\/v2\/media?parent=494381"}],"wp:term":[{"taxonomy":"category","embeddable":true,"href":"https:\/\/www.europesays.com\/fr\/wp-json\/wp\/v2\/categories?post=494381"},{"taxonomy":"post_tag","embeddable":true,"href":"https:\/\/www.europesays.com\/fr\/wp-json\/wp\/v2\/tags?post=494381"}],"curies":[{"name":"wp","href":"https:\/\/api.w.org\/{rel}","templated":true}]}}