{"id":494391,"date":"2025-10-28T01:33:17","date_gmt":"2025-10-28T01:33:17","guid":{"rendered":"https:\/\/www.europesays.com\/fr\/494391\/"},"modified":"2025-10-28T01:33:17","modified_gmt":"2025-10-28T01:33:17","slug":"pourquoi-deux-deputes-lfi-ont-voulu-rendre-visite-a-nicolas-sarkozy-en-prison","status":"publish","type":"post","link":"https:\/\/www.europesays.com\/fr\/494391\/","title":{"rendered":"Pourquoi deux d\u00e9put\u00e9s LFI ont voulu rendre visite \u00e0 Nicolas Sarkozy en prison"},"content":{"rendered":"<p class=\"article-p mdl\">Ils ont \u00e9t\u00e9 refoul\u00e9s \u00e0 l&rsquo;entr\u00e9e. Deux d\u00e9put\u00e9s issus de La France insoumise,\u00a0Dani\u00e8le Obono et Ugo Bernalicis, ont essay\u00e9 de rencontrer Nicolas Sarkozy, incarc\u00e9r\u00e9 \u00e0 la prison de la Sant\u00e9, ce lundi 27 octobre. Selon le\u00a0<a class=\"link\" href=\"https:\/\/www.lejdd.fr\/Societe\/info-jdd-les-deputes-lfi-ugo-bernalicis-et-daniele-obono-tentent-de-rencontrer-nicolas-sarkozy-a-la-prison-de-la-sante-163410\" target=\"_blank\" rel=\"noopener\">JDD\u00a0<\/a>et\u00a0<a class=\"link\" href=\"https:\/\/www.bfmtv.com\/politique\/deux-deputes-insoumis-tentent-de-rendre-visite-a-nicolas-sarkozy-en-prison-l-administration-penitentiaire-refuse_AV-202510270609.html\" target=\"_blank\" rel=\"noopener\">BFMTV<\/a>, les Insoumis se sont rendus au sein de l&rsquo;\u00e9tablissement parisien, souhaitant exercer leur droit parlementaire de visite des lieux de privation de libert\u00e9.<\/p>\n<p class=\"article-p mdl\">Selon ces m\u00eames sources, les d\u00e9put\u00e9s, accompagn\u00e9s de journalistes, ont express\u00e9ment demander \u00e0 rencontrer Nicolas Sarkozy, ainsi que les\u00a0<a class=\"link\" href=\"https:\/\/www.rtl.fr\/actu\/justice-faits-divers\/info-rtl-deux-cellules-la-nuit-portes-ouvertes-et-armes-comment-travaillent-les-officiers-de-securite-de-nicolas-sarkozy-a-la-prison-de-la-sante-7900556788\" title=\"INFO RTL - Deux cellules la nuit, portes ouvertes et arm\u00e9s : comment travaillent les officiers de s\u00e9curit\u00e9 de Nicolas Sarkozy \u00e0 la prison de la Sant\u00e9\" target=\"_blank\" rel=\"noopener\">officiers de s\u00e9curit\u00e9<\/a>\u00a0qui prot\u00e8gent l&rsquo;ex-chef d&rsquo;Etat. Cette demande a \u00e9t\u00e9 cat\u00e9goriquement refus\u00e9e par l&rsquo;admistration p\u00e9nitentiaire, qui leur a propos\u00e9 uniquement une visite de la prison de la Sant\u00e9. \u00ab\u00a0La visite parlementaire, ce n\u2019est pas aller voir une personne, c\u2019est visiter l\u2019\u00e9tablissement dans la totalit\u00e9 de son fonctionnement\u00a0\u00bb, explique une source au JDD.<\/p>\n<p>        \u00c0 \u00e9couter<\/p>\n<p class=\"col-12 col-md-11\">\n<p>                                Officiers de s\u00e9curit\u00e9, parloirs&#8230; Nicolas Sarkozy est-il un d\u00e9tenu privil\u00e9gi\u00e9 ?\n                        <\/p>\n<p class=\"article-p mdl\"><a class=\"link\" href=\"https:\/\/www.rtl.fr\/actu\/justice-faits-divers\/nicolas-sarkozy-incarcere-combien-de-temps-va-t-il-rester-en-prison-7900556177\" title=\"Nicolas Sarkozy incarc\u00e9r\u00e9 : combien de temps va-t-il rester en prison ?\" target=\"_blank\" rel=\"noopener\">Nicolas Sarkozy est incarc\u00e9r\u00e9 \u00e0 la prison de la Sant\u00e9<\/a>\u00a0depuis pr\u00e8s d&rsquo;une semaine. L&rsquo;ancien pr\u00e9sident de la R\u00e9publique, condamn\u00e9 \u00e0 cinq ans de prison avec effet imm\u00e9diat pour association de malfaiteurs dans\u00a0<a class=\"link\" href=\"https:\/\/www.rtl.fr\/actu\/justice-faits-divers\/nicolas-sarkozy-en-prison-ce-qui-est-reproche-a-l-ex-president-dans-l-affaire-du-financement-libyen-7900545008\" title=\"Nicolas Sarkozy en prison ? Ce qui est reproch\u00e9 \u00e0 l&#039;ex-pr\u00e9sident dans l&#039;affaire du financement libyen\" target=\"_blank\" rel=\"noopener\">l&rsquo;affaire du financement libyen<\/a>\u00a0de sa campagne pr\u00e9sidentielle de 2007, a \u00e9t\u00e9 \u00e9crou\u00e9 le 21 octobre dernier. Il est\u00a0accompagn\u00e9 de deux gardes du corps en d\u00e9tention. Sa premi\u00e8re journ\u00e9e en prison a \u00e9t\u00e9 agit\u00e9e par des\u00a0<a class=\"link\" href=\"https:\/\/www.rtl.fr\/actu\/justice-faits-divers\/nicolas-sarkozy-en-prison-3-detenus-en-garde-a-vue-apres-la-diffusion-d-une-video-de-menaces-7900557087\" title=\"Nicolas Sarkozy en prison : 3 d\u00e9tenus en garde \u00e0 vue apr\u00e8s la diffusion d&#039;une vid\u00e9o de menaces\" target=\"_blank\" rel=\"noopener\">menaces venant de co-d\u00e9tenus<\/a>, dont une vid\u00e9o a circul\u00e9 sur les r\u00e9seaux sociaux. Trois personnes ont \u00e9t\u00e9 plac\u00e9es en garde \u00e0 vue.<\/p>\n<p>    La r\u00e9daction vous recommande<\/p>\n<p class=\"s-newsletter__title\">\n                L\u2019actualit\u00e9 par la r\u00e9daction de RTL dans votre bo\u00eete mail.\n            <\/p>\n<p class=\"s-newsletter__subtitle\">\n                Gr\u00e2ce \u00e0 votre compte RTL abonnez-vous \u00e0 la newsletter RTL info pour suivre toute l&rsquo;actualit\u00e9 au quotidien\n            <\/p>\n<p>\n                                    Lire la suite\n                                <\/p>\n","protected":false},"excerpt":{"rendered":"Ils ont \u00e9t\u00e9 refoul\u00e9s \u00e0 l&rsquo;entr\u00e9e. Deux d\u00e9put\u00e9s issus de La France insoumise,\u00a0Dani\u00e8le Obono et Ugo Bernalicis, ont&hellip;\n","protected":false},"author":2,"featured_media":494392,"comment_status":"","ping_status":"","sticky":false,"template":"","format":"standard","meta":{"footnotes":""},"categories":[2],"tags":[11,1011,27,2338,12,3091,25],"class_list":{"0":"post-494391","1":"post","2":"type-post","3":"status-publish","4":"format-standard","5":"has-post-thumbnail","7":"category-actualites","8":"tag-actualites","9":"tag-fr","10":"tag-france","11":"tag-la-france-insoumise","12":"tag-news","13":"tag-nicolas-sarkozy","14":"tag-republique-francaise"},"share_on_mastodon":{"url":"https:\/\/pubeurope.com\/@fr\/115449220613758696","error":""},"_links":{"self":[{"href":"https:\/\/www.europesays.com\/fr\/wp-json\/wp\/v2\/posts\/494391","targetHints":{"allow":["GET"]}}],"collection":[{"href":"https:\/\/www.europesays.com\/fr\/wp-json\/wp\/v2\/posts"}],"about":[{"href":"https:\/\/www.europesays.com\/fr\/wp-json\/wp\/v2\/types\/post"}],"author":[{"embeddable":true,"href":"https:\/\/www.europesays.com\/fr\/wp-json\/wp\/v2\/users\/2"}],"replies":[{"embeddable":true,"href":"https:\/\/www.europesays.com\/fr\/wp-json\/wp\/v2\/comments?post=494391"}],"version-history":[{"count":0,"href":"https:\/\/www.europesays.com\/fr\/wp-json\/wp\/v2\/posts\/494391\/revisions"}],"wp:featuredmedia":[{"embeddable":true,"href":"https:\/\/www.europesays.com\/fr\/wp-json\/wp\/v2\/media\/494392"}],"wp:attachment":[{"href":"https:\/\/www.europesays.com\/fr\/wp-json\/wp\/v2\/media?parent=494391"}],"wp:term":[{"taxonomy":"category","embeddable":true,"href":"https:\/\/www.europesays.com\/fr\/wp-json\/wp\/v2\/categories?post=494391"},{"taxonomy":"post_tag","embeddable":true,"href":"https:\/\/www.europesays.com\/fr\/wp-json\/wp\/v2\/tags?post=494391"}],"curies":[{"name":"wp","href":"https:\/\/api.w.org\/{rel}","templated":true}]}}