{"id":494393,"date":"2025-10-28T01:34:29","date_gmt":"2025-10-28T01:34:29","guid":{"rendered":"https:\/\/www.europesays.com\/fr\/494393\/"},"modified":"2025-10-28T01:34:29","modified_gmt":"2025-10-28T01:34:29","slug":"pourquoi-ce-match-entre-la-france-et-lallemagne-est-loin-detre-capital-27-10-2025-a-2204","status":"publish","type":"post","link":"https:\/\/www.europesays.com\/fr\/494393\/","title":{"rendered":"Pourquoi ce match entre la France et l\u2019Allemagne est loin d\u2019\u00eatre capital ? &#8211; 27\/10\/2025 \u00e0 22:04"},"content":{"rendered":"<p>        <img fetchpriority=\"high\" decoding=\"async\" src=\"https:\/\/www.europesays.com\/fr\/wp-content\/uploads\/2025\/10\/1ce70c7e14cb0b5bfddd78ecd50a64cb-760x507.jpg\" alt=\"Pourquoi ce match entre la France et l\u2019Allemagne est loin d\u2019\u00eatre capital ?\" loading=\"eager\" width=\"760\" height=\"507\" style=\"max-width: 100%!important; height: auto;\"\/><\/p>\n<p class=\"c-image-news__legend\">Pourquoi ce match entre la France et l\u2019Allemagne est loin d\u2019\u00eatre capital ?<\/p>\n<p>\n <strong><br \/>\n  Ce mardi soir, l\u2019\u00e9quipe de France d\u00e9fie l\u2019Allemagne \u00e0 Caen pour une place en finale de la Ligue des nations. D\u00e9faites \u00e0 l\u2019aller, les Bleues ne partent pas sp\u00e9cialement favorites pour inverser la tendance. Cela dit, une nouvelle \u00e9limination ne rimerait pas pour autant avec la fin du monde. Ou pas ?<br \/>\n <\/strong>\n<\/p>\n<p>\n Laurent Bonadei avait pr\u00e9venu avant le d\u00e9but de ce Final Four de la Ligue des nations : \u00ab<\/p>\n<p>  Les deux matchs sont importants, le premier conditionnera le deuxi\u00e8me.<\/p>\n<p> \u00bb Cette Allemagne, qu\u2019il qualifiait de \u00ab<\/p>\n<p>  redoutable<\/p>\n<p> \u00bb lui a donn\u00e9 raison : en s\u2019imposant 1-0 \u00e0 D\u00fcsseldorf, les tombeuses de l\u2019\u00e9quipe de France lors du dernier Euro ont pris un gros avantage en vue de la finale qui l\u2019opposera au vainqueur du duel entre l\u2019Espagne et la Su\u00e8de. Et si cette d\u00e9faite conditionne le match retour qui se d\u00e9roulera \u00e0 Caen dans un stade \u00e0 guichets ferm\u00e9s, les Bleues doivent savoir qu\u2019elles ne partent pas vraiment favorites.\n<\/p>\n<p>\n \ud835\uddd9\ud835\uddff\ud835\uddee\ud835\uddfb\ud835\uddf0\ud835\uddf2 \ud835\ude03 \ud835\uddd4\ud835\uddf9\ud835\uddf9\ud835\uddf2\ud835\uddfa\ud835\uddee\ud835\uddf4\ud835\uddfb\ud835\uddf2 \ud83c\uddeb\ud83c\uddf7\ud83c\udde9\ud83c\uddea<br \/>\nDemi-finale retour de la Ligue des Nations \ud83c\udfc6<br \/>\nDemain \u00e0 21h10 au Stade Michel D\u2019Ornano de Caen \ud83c\udfdf\ufe0f pic.twitter.com\/nHIzKAfQp1\u2026\n<\/p>\n<p>\n <strong><br \/>\n  Par Julien Duez pour SOFOOT.com<br \/>\n <\/strong>\n<\/p>\n<p><a data-tag-commander-click=\"{&quot;label&quot;: &quot;articles::lire_la_suite_site_partenaire::so_foot::pourquoi_ce_match_entre_la_france_et_l_allemagne_est_loin_d_etre_capital&quot;, &quot;s2&quot;: 2, &quot;type&quot;: &quot;exit&quot;}\" target=\"_blank\" rel=\"noopener noreferrer canonical nofollow\" class=\"lienExterne c-link c-link--animated u-text-size-lg\" href=\"https:\/\/www.sofoot.com\/articles\/pourquoi-ce-match-entre-la-france-et-lallemagne-est-loin-detre-capital\">Lire la suite de l&rsquo;article sur SoFoot.com<\/a><br \/>\n                                                                                    <script async src=\"https:\/\/platform.twitter.com\/widgets.js\" charset=\"utf-8\"><\/script><\/p>\n","protected":false},"excerpt":{"rendered":"Pourquoi ce match entre la France et l\u2019Allemagne est loin d\u2019\u00eatre capital ? Ce mardi soir, l\u2019\u00e9quipe de&hellip;\n","protected":false},"author":2,"featured_media":494394,"comment_status":"","ping_status":"","sticky":false,"template":"","format":"standard","meta":{"footnotes":""},"categories":[4],"tags":[400,11,398,408,405,1011,27,403,402,399,404,12,25,401,406,407],"class_list":{"0":"post-494393","1":"post","2":"type-post","3":"status-publish","4":"format-standard","5":"has-post-thumbnail","7":"category-france","8":"tag-action-cac-40","9":"tag-actualites","10":"tag-bourse-de-paris","11":"tag-boursorama","12":"tag-cotations","13":"tag-fr","14":"tag-france","15":"tag-indices-devises","16":"tag-investir","17":"tag-investissement","18":"tag-marche-boursier","19":"tag-news","20":"tag-republique-francaise","21":"tag-sicav","22":"tag-trackers","23":"tag-warrants"},"share_on_mastodon":{"url":"https:\/\/pubeurope.com\/@fr\/115449225168880096","error":""},"_links":{"self":[{"href":"https:\/\/www.europesays.com\/fr\/wp-json\/wp\/v2\/posts\/494393","targetHints":{"allow":["GET"]}}],"collection":[{"href":"https:\/\/www.europesays.com\/fr\/wp-json\/wp\/v2\/posts"}],"about":[{"href":"https:\/\/www.europesays.com\/fr\/wp-json\/wp\/v2\/types\/post"}],"author":[{"embeddable":true,"href":"https:\/\/www.europesays.com\/fr\/wp-json\/wp\/v2\/users\/2"}],"replies":[{"embeddable":true,"href":"https:\/\/www.europesays.com\/fr\/wp-json\/wp\/v2\/comments?post=494393"}],"version-history":[{"count":0,"href":"https:\/\/www.europesays.com\/fr\/wp-json\/wp\/v2\/posts\/494393\/revisions"}],"wp:featuredmedia":[{"embeddable":true,"href":"https:\/\/www.europesays.com\/fr\/wp-json\/wp\/v2\/media\/494394"}],"wp:attachment":[{"href":"https:\/\/www.europesays.com\/fr\/wp-json\/wp\/v2\/media?parent=494393"}],"wp:term":[{"taxonomy":"category","embeddable":true,"href":"https:\/\/www.europesays.com\/fr\/wp-json\/wp\/v2\/categories?post=494393"},{"taxonomy":"post_tag","embeddable":true,"href":"https:\/\/www.europesays.com\/fr\/wp-json\/wp\/v2\/tags?post=494393"}],"curies":[{"name":"wp","href":"https:\/\/api.w.org\/{rel}","templated":true}]}}