{"id":494395,"date":"2025-10-28T01:35:10","date_gmt":"2025-10-28T01:35:10","guid":{"rendered":"https:\/\/www.europesays.com\/fr\/494395\/"},"modified":"2025-10-28T01:35:10","modified_gmt":"2025-10-28T01:35:10","slug":"cahors-golf-remporte-les-interclubs-2025-et-conserve-son-titre","status":"publish","type":"post","link":"https:\/\/www.europesays.com\/fr\/494395\/","title":{"rendered":"Cahors Golf remporte les interclubs 2025 et conserve son titre"},"content":{"rendered":"<p>La comp\u00e9tition des interclubs de golf 2025 \u00e9tait organis\u00e9e\u00a0dimanche 26\u00a0octobre, \u00e0 Saint jean Lespinasse, sur le magnifique parcours du golf de Montal.\u00a0Pour la 3e ann\u00e9e d\u2019affil\u00e9e, Cahors Golf a remport\u00e9 cette comp\u00e9tition entre les quatre\u00a0clubs de Cahors, Souillac, Montal et le Bouysset (Saint-Martin-le-Redon), qui se jouait en scrabble par \u00e9quipe de deux\u00a0et qui prenait en compte le meilleur score brut et\u00a0les deux\u00a0meilleurs scores net.<\/p>\n<p>Cahors Golf alignait les cinq\u00a0\u00e9quipes suivantes\u00a0: Christophe Alicot\u00a0et Christian Destruel (brut 21, net 32), Bernard Sol\u00a0et Karine Tarrade (brut 32, net 39), S\u00e9bastien Aiguillon\u00a0et R\u00e9gis Mellac (brut 44, net 47), Guillaume Malmont\u00a0et Gilles Grenier (brut 35, net 42), et\u00a0Denis Pacaud et Nicolas Tarrade (brut 27, net 35).<\/p>\n<p>F\u00e9licitations aux vainqueurs, aux participants et remerciements au comit\u00e9 d\u00e9partemental pour l\u2019organisation et au club de Montal pour son accueil et pour la tr\u00e8s bonne pr\u00e9paration du parcours malgr\u00e9 le temps pluvieux et venteux.<\/p>\n","protected":false},"excerpt":{"rendered":"La comp\u00e9tition des interclubs de golf 2025 \u00e9tait organis\u00e9e\u00a0dimanche 26\u00a0octobre, \u00e0 Saint jean Lespinasse, sur le magnifique parcours&hellip;\n","protected":false},"author":2,"featured_media":494396,"comment_status":"","ping_status":"","sticky":false,"template":"","format":"standard","meta":{"footnotes":""},"categories":[1418],"tags":[1011,27,1472,60],"class_list":{"0":"post-494395","1":"post","2":"type-post","3":"status-publish","4":"format-standard","5":"has-post-thumbnail","7":"category-golf","8":"tag-fr","9":"tag-france","10":"tag-golf","11":"tag-sports"},"share_on_mastodon":{"url":"https:\/\/pubeurope.com\/@fr\/115449228330151494","error":""},"_links":{"self":[{"href":"https:\/\/www.europesays.com\/fr\/wp-json\/wp\/v2\/posts\/494395","targetHints":{"allow":["GET"]}}],"collection":[{"href":"https:\/\/www.europesays.com\/fr\/wp-json\/wp\/v2\/posts"}],"about":[{"href":"https:\/\/www.europesays.com\/fr\/wp-json\/wp\/v2\/types\/post"}],"author":[{"embeddable":true,"href":"https:\/\/www.europesays.com\/fr\/wp-json\/wp\/v2\/users\/2"}],"replies":[{"embeddable":true,"href":"https:\/\/www.europesays.com\/fr\/wp-json\/wp\/v2\/comments?post=494395"}],"version-history":[{"count":0,"href":"https:\/\/www.europesays.com\/fr\/wp-json\/wp\/v2\/posts\/494395\/revisions"}],"wp:featuredmedia":[{"embeddable":true,"href":"https:\/\/www.europesays.com\/fr\/wp-json\/wp\/v2\/media\/494396"}],"wp:attachment":[{"href":"https:\/\/www.europesays.com\/fr\/wp-json\/wp\/v2\/media?parent=494395"}],"wp:term":[{"taxonomy":"category","embeddable":true,"href":"https:\/\/www.europesays.com\/fr\/wp-json\/wp\/v2\/categories?post=494395"},{"taxonomy":"post_tag","embeddable":true,"href":"https:\/\/www.europesays.com\/fr\/wp-json\/wp\/v2\/tags?post=494395"}],"curies":[{"name":"wp","href":"https:\/\/api.w.org\/{rel}","templated":true}]}}