{"id":494410,"date":"2025-10-28T01:48:14","date_gmt":"2025-10-28T01:48:14","guid":{"rendered":"https:\/\/www.europesays.com\/fr\/494410\/"},"modified":"2025-10-28T01:48:14","modified_gmt":"2025-10-28T01:48:14","slug":"pour-son-nouveau-film-orelsan-a-transforme-son-corps-et-fait-des-sacrifices","status":"publish","type":"post","link":"https:\/\/www.europesays.com\/fr\/494410\/","title":{"rendered":"Pour son nouveau film, Orelsan a transform\u00e9 son corps et fait des sacrifices"},"content":{"rendered":"<p>            Par<br \/>\n        <strong><br \/>\n            <a href=\"https:\/\/actu.fr\/auteur\/maxence-gorregues\" title=\"Consulter tous les articles de Maxence Gorregues\" rel=\"nofollow noopener\" target=\"_blank\">Maxence Gorregues<\/a><br \/>\n        <\/strong><\/p>\n<p>        Publi\u00e9 le<\/p>\n<p>            27 oct. 2025 \u00e0 18h47        <\/p>\n<p>Dans son nouveau film, Yoro\u00ef, qui sort ce mercredi 29\u00a0octobre 2025 au cin\u00e9ma en France, <b>Orelsan<\/b> joue\u2026 <a href=\"https:\/\/actu.fr\/tag\/orelsan\" rel=\"nofollow noopener\" target=\"_blank\">Orelsan<\/a>. Le chanteur \u00e0 succ\u00e8s quitte son pays, la France, direction le Japon, pour fuir une popularit\u00e9 qui lui p\u00e8se au quotidien. En toile de fond, le spectateur va pouvoir d\u00e9couvrir une <b>nouvelle facette de sa personnalit\u00e9<\/b>, celle d\u2019un adepte des arts martiaux. Point ou peu de doublage au cours des sc\u00e8nes de combat, c\u2019est bien le rappeur de Caen (Calvados) qui est \u00e0 l\u2019\u0153uvre. Le fruit d\u2019un <b>travail entam\u00e9 il y a huit ans\u2009! <\/b>D\u00e9j\u00e0 \u00e0 l\u2019\u00e9poque, il savait qu\u2019il jouerait dans un film de combat.<\/p>\n<p>Stages au Japon, travail avec des cascadeurs\u2026<\/p>\n<p class=\" wall-content\">\u00ab\u2009On voulait que ce soit <a href=\"https:\/\/actu.fr\/normandie\/caen_14118\/ils-ont-vu-yoroi-le-nouveau-film-dorelsan-quen-ont-pense-les-premiers-spectateurs-a-caen_63249069.html\" rel=\"nofollow noopener\" target=\"_blank\">un film d\u2019action<\/a>, avec des sc\u00e8nes d\u2019action \u00e0 la hauteur, comme celles qu\u2019on peut voir dans n\u2019importe quel film\u2009\u00bb, confie l\u2019artiste originaire de Normandie. Pour y parvenir, il a commenc\u00e9 \u00e0 s\u2019entra\u00eener bien avant de penser \u00e0 ce film. \u00ab\u2009J\u2019ai rencontr\u00e9 une <b>team de cascadeurs<\/b>, la team de Manu Lanzi, et comme je voulais \u00eatre capable de jouer des sc\u00e8nes d\u2019action, je suis all\u00e9 m\u2019entra\u00eener avec eux.\u2009\u00bb<\/p>\n<p class=\" wall-content\">Il a \u00e9galement r\u00e9alis\u00e9 des stages au Japon, deux fois un mois, aupr\u00e8s d\u2019une \u00e9quipe qui a boss\u00e9 pour le film John Wick (2014, avec Keanu Reeves), ou sur One Piece. \u00ab\u2009On voulait vraiment avoir un bon niveau.\u2009\u00bb Clara Cho\u00ef qui joue sa femme dans Yoro\u00ef a m\u00eame pris des cours de MMA.<\/p>\n<p>Son corps a \u00e9volu\u00e9<\/p>\n<p class=\" wall-content\">Pour r\u00e9pondre aux exigences du sc\u00e9nario et au rythme des tourn\u00e9es, Orelsan n\u2019a pas n\u00e9glig\u00e9 sa condition physique ces derni\u00e8res ann\u00e9es. S\u2019il n\u2019a pas perdu de poids, c\u2019est parce qu\u2019il a gagn\u00e9 pr\u00e8s de 9\u00a0kg de muscles. Il s\u2019entra\u00eene notamment avec un coach sp\u00e9cialis\u00e9, <a href=\"https:\/\/actu.fr\/normandie\/herouville-saint-clair_14327\/le-coach-dorelsan-ouvre-une-salle-de-fitness-pres-de-caen-apres-deux-ans-de-tournee_61536483.html\" rel=\"nofollow noopener\" target=\"_blank\">bas\u00e9 \u00e0 H\u00e9rouville Saint-Clair<\/a>.<\/p>\n<blockquote class=\"ac-article-quote wall-content\">\n<p>Je suis pass\u00e9 de 17\u2009% de masse grasse \u00e0 8\u2009%. Il y a eu un vrai travail pendant un an, avec un r\u00e9gime qui a dur\u00e9 un an \u00e9galement. On faisait du sport tous les jours, on n\u2019en pouvait plus. Quand les cascadeurs venaient chez moi, on s\u2019entra\u00eenait 7\u00a0heures par jour. \u00c7a faisait beaucoup (rires).<\/p>\n<p>Orelsan<\/p><\/blockquote>\n<p class=\" wall-content\">Si le rythme est d\u00e9sormais moins soutenu, <b>Orelsan continue de s\u2019astreindre \u00e0 des entra\u00eenements r\u00e9guliers<\/b>. Quatre \u00e0 cinq s\u00e9ances par semaine. \u00ab\u2009M\u00eame en tourn\u00e9e, j\u2019ai un coach qui vient avec moi. C\u2019est primordial. Je ne le faisais pas avant, mais maintenant, c\u2019est ce qui me permet de tenir sur la dur\u00e9e, et de rester sain.\u2009\u00bb<\/p>\n<p class=\" wall-content\">Personnalisez votre actualit\u00e9 en ajoutant vos villes et m\u00e9dias en favori avec <a href=\"https:\/\/moncompte.actu.fr\" title=\"D\u00e9couvez Mon Actu\" rel=\"nofollow noopener\" data-trk=\"{&quot;cta&quot;:{&quot;action&quot;:&quot;https:\\\/\\\/moncompte.actu.fr&quot;,&quot;category&quot;:&quot;mon compte&quot;,&quot;from&quot;:&quot;article footer&quot;,&quot;name&quot;:&quot;Mon actu&quot;,&quot;type&quot;:&quot;cta&quot;}}\" target=\"_blank\">Mon Actu<\/a>.<\/p>\n","protected":false},"excerpt":{"rendered":"Par Maxence Gorregues Publi\u00e9 le 27 oct. 2025 \u00e0 18h47 Dans son nouveau film, Yoro\u00ef, qui sort ce&hellip;\n","protected":false},"author":2,"featured_media":494411,"comment_status":"","ping_status":"","sticky":false,"template":"","format":"standard","meta":{"footnotes":""},"categories":[1355],"tags":[650,58,59,1011,27,1652,1361,873,21953],"class_list":{"0":"post-494410","1":"post","2":"type-post","3":"status-publish","4":"format-standard","5":"has-post-thumbnail","7":"category-musique","8":"tag-cinema","9":"tag-divertissement","10":"tag-entertainment","11":"tag-fr","12":"tag-france","13":"tag-loisirs-culture","14":"tag-music","15":"tag-musique","16":"tag-orelsan"},"share_on_mastodon":{"url":"https:\/\/pubeurope.com\/@fr\/115449280215441391","error":""},"_links":{"self":[{"href":"https:\/\/www.europesays.com\/fr\/wp-json\/wp\/v2\/posts\/494410","targetHints":{"allow":["GET"]}}],"collection":[{"href":"https:\/\/www.europesays.com\/fr\/wp-json\/wp\/v2\/posts"}],"about":[{"href":"https:\/\/www.europesays.com\/fr\/wp-json\/wp\/v2\/types\/post"}],"author":[{"embeddable":true,"href":"https:\/\/www.europesays.com\/fr\/wp-json\/wp\/v2\/users\/2"}],"replies":[{"embeddable":true,"href":"https:\/\/www.europesays.com\/fr\/wp-json\/wp\/v2\/comments?post=494410"}],"version-history":[{"count":0,"href":"https:\/\/www.europesays.com\/fr\/wp-json\/wp\/v2\/posts\/494410\/revisions"}],"wp:featuredmedia":[{"embeddable":true,"href":"https:\/\/www.europesays.com\/fr\/wp-json\/wp\/v2\/media\/494411"}],"wp:attachment":[{"href":"https:\/\/www.europesays.com\/fr\/wp-json\/wp\/v2\/media?parent=494410"}],"wp:term":[{"taxonomy":"category","embeddable":true,"href":"https:\/\/www.europesays.com\/fr\/wp-json\/wp\/v2\/categories?post=494410"},{"taxonomy":"post_tag","embeddable":true,"href":"https:\/\/www.europesays.com\/fr\/wp-json\/wp\/v2\/tags?post=494410"}],"curies":[{"name":"wp","href":"https:\/\/api.w.org\/{rel}","templated":true}]}}