{"id":494418,"date":"2025-10-28T01:52:12","date_gmt":"2025-10-28T01:52:12","guid":{"rendered":"https:\/\/www.europesays.com\/fr\/494418\/"},"modified":"2025-10-28T01:52:12","modified_gmt":"2025-10-28T01:52:12","slug":"lamour-est-dans-le-pre-a-quelques-heures-du-prochain-episode-la-production-obligee-dintervenir","status":"publish","type":"post","link":"https:\/\/www.europesays.com\/fr\/494418\/","title":{"rendered":"\u00ab\u00a0L\u2019amour est dans le pr\u00e9\u00a0\u00bb : \u00e0 quelques heures du prochain \u00e9pisode, la production oblig\u00e9e d&rsquo;intervenir"},"content":{"rendered":"<p>      R\u00e9sum\u00e9<\/p>\n<p>\u00c0 l&rsquo;approche du nouvel \u00e9pisode de la 20e saison de L&rsquo;amour est dans le pr\u00e9, la production appelle au respect et d\u00e9nonce les propos haineux envers les participants sur les r\u00e9seaux sociaux.<\/p>\n<p>        Sommaire<\/p>\n<p>D\u00e9battre oui. Mais <strong>insulter et se moquer non<\/strong>. Si cela para\u00eet logique pour beaucoup de monde, la production de <strong>L\u2019amour est dans le pr\u00e9<\/strong> a d\u00e9cid\u00e9 de le rappeler \u00e0 quelques heures de la diffusion du prochain \u00e9pisode de <a href=\"https:\/\/vsd.fr\/tag\/lamour-est-dans-le-pre\/\" target=\"_blank\" rel=\"noopener\">la 20e saison sur M6.<\/a><\/p>\n<p>En effet, <a href=\"https:\/\/www.public.fr\/tag\/karine-le-marchand\" target=\"_blank\" rel=\"noopener\">Karine Le Marchand<\/a> va de nouveau conter les histoires d\u2019amour des agriculteurs et agricultrices de la nouvelle saison ce lundi 27 octobre 2025. Mais, visiblement, trop de \u00ab\u00a0fans\u00a0\u00bb du programme s\u2019amusent \u00e0 critiquer et <strong>tenir des propos haineux sur les r\u00e9seaux sociaux.<\/strong><\/p>\n<p>Comme cela a d\u00e9j\u00e0 \u00e9t\u00e9 le cas dans d\u2019autres programmes, comme par exemple la <strong>Star Academy<\/strong> lorsque Marine et Ebony faisaient l\u2019objet d\u2019insultes racistes, la production a tenu \u00e0 rappeler que <strong>L\u2019amour est dans le pr\u00e9<\/strong> reste un programme de divertissement. Et que la haine n\u2019a pas sa place dans l\u2019\u00e9mission ou sur les r\u00e9seaux sociaux.\u00a0<\/p>\n<p>La production de \u00ab\u00a0L&rsquo;amour est dans le pr\u00e9\u00a0\u00bb prend la parole<\/p>\n<p>\u00ab\u00a0Vous \u00eates nombreux \u00e0 suivre chaque semaine la saison 20 de L&rsquo;Amour est dans le pr\u00e9 et nous vous remercions pour votre fid\u00e9lit\u00e9\u00a0\u00bb, rappelle dans un premier temps le compte Instagram de l\u2019\u00e9mission dans sa publication.<\/p>\n<p>Avant de d\u00e9noncer : \u00ab\u00a0Cependant, <strong>certains propos haineux circulent sur les r\u00e9seaux sociaux<\/strong>. Ces attaques envers les participants de l&rsquo;\u00e9mission sont inadmissibles et punissables par la loi\u00a0\u00bb. De fait, M6 et Fremantle, ont fait le choix de ne plus rien laisser passer d\u00e8s ce soir et le prochain \u00e9pisode de <strong>L\u2019amour est dans le pr\u00e9.<\/strong><\/p>\n<p>\u00ab\u00a0M6 et Fremantle condamnent fermement tout comportement de haine en ligne. Ils signaleront tous propos illicites visant <strong>les participantes et participants et se r\u00e9servent le droit d&rsquo;engager toute action en justice\u00a0\u00bb<\/strong>, pr\u00e9cise en effet le communiqu\u00e9 avant de conclure et rappeler que l\u2019\u00e9mission reste un programme de divertissement dans lequel seules la sinc\u00e9rit\u00e9 et la bienveillance ont leur place : \u00ab\u00a0L\u2019Amour est dans le pr\u00e9, c&rsquo;est avant tout le respect, la sinc\u00e9rit\u00e9 et la bienveillance. Merci de continuer \u00e0 faire vivre ces valeurs dans vos \u00e9changes\u00a0\u00bb.<\/p>\n<p>Apr\u00e8s avoir appel\u00e9 \u00e0 la bienveillance, place \u00e0 un nouvel \u00e9pisode<\/p>\n<p>En esp\u00e9rant que cette prise de parole permette d\u2019\u00e9viter de nouvelles vagues de haine \u00e0 l\u2019encontre des participants de la 20e saison de <strong>L\u2019amour est dans le pr\u00e9<\/strong>. Des participants qui vont poursuivre leurs histoires d\u2019amour naissantes comme vont le d\u00e9couvrir les t\u00e9l\u00e9spectateurs ce lundi soir.\u00a0<\/p>\n<p>En effet, de nombreuses surprises sont \u00e0 pr\u00e9voir dans l\u2019\u00e9pisode \u00e0 venir. Entre des baisers \u00e9chang\u00e9s, des choix qui vont conduire \u00e0 l\u2019\u00e9viction de pr\u00e9tendants et pr\u00e9tendantes, <a href=\"https:\/\/www.public.fr\/lamour-est-dans-le-pre-incapable-de-marcher-une-pretendante-conduite-durgence-a-lhopital-spoiler\" target=\"_blank\" rel=\"noopener\">un passage aux urgences<\/a>, et des remises en question, les t\u00e9l\u00e9spectateurs devraient passer un nouveau grand moment devant l\u2019\u00e9mission de dating.\u00a0<\/p>\n<p>\n          Hits &amp; People en continu\n        <\/p>\n<p>\n          Public Radio\n        <\/p>\n<p>      Mentionn\u00e9s dans cet article<\/p>\n<p>      Sur le m\u00eame sujet<\/p>\n","protected":false},"excerpt":{"rendered":"R\u00e9sum\u00e9 \u00c0 l&rsquo;approche du nouvel \u00e9pisode de la 20e saison de L&rsquo;amour est dans le pr\u00e9, la production&hellip;\n","protected":false},"author":2,"featured_media":494419,"comment_status":"","ping_status":"","sticky":false,"template":"","format":"standard","meta":{"footnotes":""},"categories":[8],"tags":[58,59,1011,27,5413,9307,494],"class_list":{"0":"post-494418","1":"post","2":"type-post","3":"status-publish","4":"format-standard","5":"has-post-thumbnail","7":"category-divertissement","8":"tag-divertissement","9":"tag-entertainment","10":"tag-fr","11":"tag-france","12":"tag-karine-le-marchand","13":"tag-lamour-est-dans-le-pre","14":"tag-m6"},"share_on_mastodon":{"url":"https:\/\/pubeurope.com\/@fr\/115449295243507678","error":""},"_links":{"self":[{"href":"https:\/\/www.europesays.com\/fr\/wp-json\/wp\/v2\/posts\/494418","targetHints":{"allow":["GET"]}}],"collection":[{"href":"https:\/\/www.europesays.com\/fr\/wp-json\/wp\/v2\/posts"}],"about":[{"href":"https:\/\/www.europesays.com\/fr\/wp-json\/wp\/v2\/types\/post"}],"author":[{"embeddable":true,"href":"https:\/\/www.europesays.com\/fr\/wp-json\/wp\/v2\/users\/2"}],"replies":[{"embeddable":true,"href":"https:\/\/www.europesays.com\/fr\/wp-json\/wp\/v2\/comments?post=494418"}],"version-history":[{"count":0,"href":"https:\/\/www.europesays.com\/fr\/wp-json\/wp\/v2\/posts\/494418\/revisions"}],"wp:featuredmedia":[{"embeddable":true,"href":"https:\/\/www.europesays.com\/fr\/wp-json\/wp\/v2\/media\/494419"}],"wp:attachment":[{"href":"https:\/\/www.europesays.com\/fr\/wp-json\/wp\/v2\/media?parent=494418"}],"wp:term":[{"taxonomy":"category","embeddable":true,"href":"https:\/\/www.europesays.com\/fr\/wp-json\/wp\/v2\/categories?post=494418"},{"taxonomy":"post_tag","embeddable":true,"href":"https:\/\/www.europesays.com\/fr\/wp-json\/wp\/v2\/tags?post=494418"}],"curies":[{"name":"wp","href":"https:\/\/api.w.org\/{rel}","templated":true}]}}