{"id":494422,"date":"2025-10-28T01:54:14","date_gmt":"2025-10-28T01:54:14","guid":{"rendered":"https:\/\/www.europesays.com\/fr\/494422\/"},"modified":"2025-10-28T01:54:14","modified_gmt":"2025-10-28T01:54:14","slug":"a-laeroport-brest-bretagne-la-compagnie-volotea-annule-pres-de-200-vols-cet-hiver","status":"publish","type":"post","link":"https:\/\/www.europesays.com\/fr\/494422\/","title":{"rendered":"\u00c0 l\u2019a\u00e9roport Brest-Bretagne, la compagnie Volotea annule pr\u00e8s\u00a0de 200 vols cet hiver"},"content":{"rendered":"<p>La nouvelle n\u2019est pas bonne pour l\u2019a\u00e9roport Brest-Bretagne. La compagnie espagnole Volotea, qui p\u00e8se pour un tiers du petit million de passagers annuels &#8211; <a href=\"https:\/\/www.letelegramme.fr\/finistere\/brest-29200\/pres-de-940-000-passagers-en-2024-a-laeroport-de-brest-6746934.php\" target=\"_blank\" rel=\"noopener\">939\u00a0000 en 2024<\/a> &#8211; foulant le tarmac de Guipavas, a d\u00e9cid\u00e9 de supprimer pr\u00e8s de 200 vols pour cet hiver, \u00e0 l\u2019arriv\u00e9e et \u00e0 destination de la plateforme finist\u00e9rienne.<\/p>\n<p>Son directeur, Claude Arphexad, l\u2019a confirm\u00e9, ce lundi 27 octobre 2025 au matin, <a href=\"https:\/\/www.francebleu.fr\/emissions\/l-invite-actu-ici-breizh-izel\/brest-bretagne-volotea-reduit-la-voilure-mais-l-aeroport-garde-le-cap-3178059\" target=\"_blank\" rel=\"noopener\">\u00e0 nos confr\u00e8res d\u2019Ici Breizh Izel (ex-France Bleu)<\/a>. Contact\u00e9 par Le T\u00e9l\u00e9gramme ce m\u00eame jour, il nous renvoie \u00e0 une conf\u00e9rence de presse pr\u00e9vue le 12 novembre prochain, organis\u00e9e par Volotea, apr\u00e8s qu\u2019une r\u00e9union a eu lieu, ce lundi, avec les repr\u00e9sentants fran\u00e7ais de la compagnie ib\u00e9rique.<\/p>\n<p>94 rotations concern\u00e9es<\/p>\n<p>Dans le d\u00e9tail, 94 rotations seront supprim\u00e9es, soit 188 vols, entre novembre et mars pour six destinations\u00a0: Londres, Barcelone, Rome, Marseille, Montpellier et Nice. Pour expliquer ces annulations, cet hiver, Volotea a livr\u00e9 sa r\u00e9ponse par voie de communiqu\u00e9\u00a0: \u00ab\u00a0Nous \u00e9valuons et ajustons r\u00e9guli\u00e8rement l\u2019ensemble de notre r\u00e9seau en fonction de la demande saisonni\u00e8re, de la planification op\u00e9rationnelle, de la dynamique g\u00e9n\u00e9rale du march\u00e9 et de l\u2019int\u00e9r\u00eat des passagers. Comme dans tous les a\u00e9roports o\u00f9 nous op\u00e9rons, ces \u00e9volutions peuvent entra\u00eener des interruptions saisonni\u00e8res ou la suppression de certaines liaisons\u00a0\u00bb. D\u2019autres a\u00e9roports fran\u00e7ais profitent, au contraire, de hausses de capacit\u00e9. Elles ont \u00e9t\u00e9 annonc\u00e9es du c\u00f4t\u00e9 de Bordeaux, Nantes, Strasbourg et Marseille, <a href=\"https:\/\/www.volotea.com\/fr\/salle-de-presse\/actualites\/\" target=\"_blank\" rel=\"noopener\">ces derniers jours<\/a>.<\/p>\n<p>\u00ab\u00a0Un avoir mais pas de remboursement\u00a0\u00bb<\/p>\n<p>Martine, 65 ans, qui vit \u00e0 Saint-Pol-de-L\u00e9on (29), fait partie des voyageurs touch\u00e9s par ces suppressions de vols. Elle a re\u00e7u l\u2019information par courriel, concernant un aller et retour vers Marseille, fin novembre, o\u00f9 Volotea y \u00e9voque des \u00ab\u00a0raisons op\u00e9rationnelles\u00a0\u00bb. \u00ab\u00a0Nous devons faire ce trajet tous les mois et celui de d\u00e9cembre n\u2019est pas annul\u00e9 pour l\u2019instant. En revanche, on ne nous propose pas de remboursement mais seulement un avoir\u00a0\u00bb, regrette-t-elle. Pour son voyage de novembre, elle a bascul\u00e9 vers la compagnie Transavia et a d\u00fb payer ses billets \u00ab\u00a0trois fois plus cher\u00a0\u00bb.<\/p>\n<p>Ces annulations hivernales ne sont-elles qu\u2019un l\u00e9ger trou d\u2019air alors que Volotea a install\u00e9 une base \u00e0 Guipavas l\u2019ann\u00e9e derni\u00e8re\u00a0? Elle se satisfaisait, en f\u00e9vrier 2025, <a href=\"https:\/\/www.letelegramme.fr\/finistere\/brest-29200\/volotea-a-de-lambition-pour-la-base-de-brest-6752304.php\" target=\"_blank\" rel=\"noopener\">de \u00ab\u00a0la pertinence de (son) offre\u00a0\u00bb<\/a> et d\u2019avoir compt\u00e9 \u00ab\u00a0323\u00a0000 passagers, au d\u00e9part ou \u00e0 l\u2019arriv\u00e9e \u00e0 Brest, soit + 180\u00a0% par rapport \u00e0 2023. Avec un taux de remplissage de 93\u00a0% des si\u00e8ges offerts\u00a0\u00bb. En attendant sa r\u00e9ponse et, surtout, d\u2019autres annonces possibles, le 12 novembre prochain, Volotea assure \u00ab\u00a0rest(er) pleinement engag\u00e9 \u00e0 Brest, o\u00f9 nous collaborons depuis 12 ans avec les \u00e9quipes de l\u2019a\u00e9roport ainsi qu\u2019avec les acteurs r\u00e9gionaux et locaux\u00a0\u00bb.<\/p>\n","protected":false},"excerpt":{"rendered":"La nouvelle n\u2019est pas bonne pour l\u2019a\u00e9roport Brest-Bretagne. La compagnie espagnole Volotea, qui p\u00e8se pour un tiers du&hellip;\n","protected":false},"author":2,"featured_media":494423,"comment_status":"","ping_status":"","sticky":false,"template":"","format":"standard","meta":{"footnotes":""},"categories":[6],"tags":[11,663,61692,3450,829,35,33,34,765,1011,27,10368,2803,2445],"class_list":{"0":"post-494422","1":"post","2":"type-post","3":"status-publish","4":"format-standard","5":"has-post-thumbnail","7":"category-economie","8":"tag-actualites","9":"tag-aeroport","10":"tag-aeroport-brest-bretagne","11":"tag-brest","12":"tag-bretagne","13":"tag-business","14":"tag-economie","15":"tag-economy","16":"tag-en-continu","17":"tag-fr","18":"tag-france","19":"tag-guipavas","20":"tag-transport","21":"tag-transport-aerien"},"share_on_mastodon":{"url":"https:\/\/pubeurope.com\/@fr\/115449303196822567","error":""},"_links":{"self":[{"href":"https:\/\/www.europesays.com\/fr\/wp-json\/wp\/v2\/posts\/494422","targetHints":{"allow":["GET"]}}],"collection":[{"href":"https:\/\/www.europesays.com\/fr\/wp-json\/wp\/v2\/posts"}],"about":[{"href":"https:\/\/www.europesays.com\/fr\/wp-json\/wp\/v2\/types\/post"}],"author":[{"embeddable":true,"href":"https:\/\/www.europesays.com\/fr\/wp-json\/wp\/v2\/users\/2"}],"replies":[{"embeddable":true,"href":"https:\/\/www.europesays.com\/fr\/wp-json\/wp\/v2\/comments?post=494422"}],"version-history":[{"count":0,"href":"https:\/\/www.europesays.com\/fr\/wp-json\/wp\/v2\/posts\/494422\/revisions"}],"wp:featuredmedia":[{"embeddable":true,"href":"https:\/\/www.europesays.com\/fr\/wp-json\/wp\/v2\/media\/494423"}],"wp:attachment":[{"href":"https:\/\/www.europesays.com\/fr\/wp-json\/wp\/v2\/media?parent=494422"}],"wp:term":[{"taxonomy":"category","embeddable":true,"href":"https:\/\/www.europesays.com\/fr\/wp-json\/wp\/v2\/categories?post=494422"},{"taxonomy":"post_tag","embeddable":true,"href":"https:\/\/www.europesays.com\/fr\/wp-json\/wp\/v2\/tags?post=494422"}],"curies":[{"name":"wp","href":"https:\/\/api.w.org\/{rel}","templated":true}]}}