{"id":494424,"date":"2025-10-28T01:55:18","date_gmt":"2025-10-28T01:55:18","guid":{"rendered":"https:\/\/www.europesays.com\/fr\/494424\/"},"modified":"2025-10-28T01:55:18","modified_gmt":"2025-10-28T01:55:18","slug":"la-jamaique-se-prepare-au-pire-ouragan-de-son-histoire-27-10-2025-a-2239","status":"publish","type":"post","link":"https:\/\/www.europesays.com\/fr\/494424\/","title":{"rendered":"La Jama\u00efque se pr\u00e9pare au pire ouragan de son histoire &#8211; 27\/10\/2025 \u00e0 22:39"},"content":{"rendered":"<p>        <img fetchpriority=\"high\" decoding=\"async\" src=\"https:\/\/www.europesays.com\/fr\/wp-content\/uploads\/2025\/10\/46b9234beee92c3a86393bf820884aa8-760x408.jpg\" alt=\"Image satellite de l'ouragan Melissa \u00e0 l'approche de la Jama\u00efque, le 27 octobre 2025 ( RAMMB\/CIRA \/ - )\" loading=\"eager\" width=\"760\" height=\"408\" style=\"max-width: 100%!important; height: auto;\"\/><\/p>\n<p class=\"c-image-news__legend\">Image satellite de l&rsquo;ouragan Melissa \u00e0 l&rsquo;approche de la Jama\u00efque, le 27 octobre 2025 ( RAMMB\/CIRA \/ &#8211; )<\/p>\n<p>\n Des fortes pluies et des vents violents secouent lundi la Jama\u00efque \u00e0 l&rsquo;approche de l&rsquo;ouragan Melissa, qui pourrait \u00eatre le plus violent \u00e0 toucher terre dans le pays carib\u00e9en et o\u00f9 il menace d&rsquo;entra\u00eener inondations et glissements de terrain catastrophiques.\n<\/p>\n<p>\n Avec des vents allant jusqu&rsquo;\u00e0 280 kilom\u00e8tres par heure, l&rsquo;ouragan Melissa figure en cat\u00e9gorie 5, maximale, sur l&rsquo;\u00e9chelle de Saffir-Simpson et devrait frapper l&rsquo;\u00eele de plein fouet t\u00f4t mardi.\n<\/p>\n<p>\n S&rsquo;il ne perd pas en intensit\u00e9, il s&rsquo;agira du plus puissant ouragan \u00e0 toucher terre en Jama\u00efque depuis le d\u00e9but des suivis m\u00e9t\u00e9orologiques.\n<\/p>\n<p>\n Le Premier ministre de la Jama\u00efque, Andrew Holness, a alert\u00e9 sur des risques de d\u00e9g\u00e2ts particuli\u00e8rement importants pour l&rsquo;ouest du pays.\n<\/p>\n<p>\n \u00ab\u00a0Je ne pense pas qu&rsquo;une seule infrastructure de cette r\u00e9gion puisse r\u00e9sister \u00e0 un ouragan de cat\u00e9gorie 5, donc il pourrait y avoir d&rsquo;importantes destructions\u00a0\u00bb, a-t-il d\u00e9clar\u00e9 sur CNN, appelant les habitants \u00ab\u00a0\u00e0 monter sur les hauteurs, \u00e0 prot\u00e9ger vos biens et votre famille\u00a0\u00bb, et surtout \u00e0 \u00e9vacuer les zones les plus \u00e0 risques.\n<\/p>\n<p> &#8211; Refus d&rsquo;\u00e9vacuer &#8211;<\/p>\n<p>        <img decoding=\"async\" src=\"https:\/\/www.europesays.com\/fr\/wp-content\/uploads\/2025\/10\/9bb84aad59397ecdcd29976f245b3a29-613x768.jpg\" alt=\"Carte du nord des Cara\u00efbes montrant la trajectoire de tous les ouragans depuis 1842 (\u00e0 partir de la cat\u00e9gorie 3), selon les donn\u00e9es de la Noaa, et la trajectoire pr\u00e9vue de l'ouragan Melissa \u00e0 15H05 GMT le 27 octobre ( AFP \/ Guillermo RIVAS PACHECO )\" loading=\"eager\" width=\"613\" height=\"768\" style=\"max-width: 100%!important; height: auto;\"\/><\/p>\n<p class=\"c-image-news__legend\">Carte du nord des Cara\u00efbes montrant la trajectoire de tous les ouragans depuis 1842 (\u00e0 partir de la cat\u00e9gorie 3), selon les donn\u00e9es de la Noaa, et la trajectoire pr\u00e9vue de l&rsquo;ouragan Melissa \u00e0 15H05 GMT le 27 octobre ( AFP \/ Guillermo RIVAS PACHECO )<\/p>\n<p>\n Mais de leur propre aveu, de nombreux habitants ont refus\u00e9 de suivre les consignes des autorit\u00e9s.\n<\/p>\n<p>\n \u00ab\u00a0Je ne veux tout simplement pas partir\u00a0\u00bb, explique Jennifer Ramdial, une p\u00eacheuse, rencontr\u00e9e lundi par l&rsquo;AFP \u00e0 Port-Royal, petite bourgade historique pr\u00e8s de la capitale Kingston.\n<\/p>\n<p>\n \u00ab\u00a0M\u00eame s&rsquo;il \u00e9tait de cat\u00e9gorie 6, je ne bougerais pas\u00a0\u00bb, abonde Roy Brown, un plombier et carreleur, bien que l&rsquo;\u00e9chelle de Saffir-Simpson s&rsquo;arr\u00eate \u00e0 la cat\u00e9gorie 5.\n<\/p>\n<p>\n Selon lui, nombre de personnes ont refus\u00e9 de fuir la localit\u00e9 en raison de mauvaises exp\u00e9riences pass\u00e9es dans les abris anti-ouragans propos\u00e9s par les autorit\u00e9s.\n<\/p>\n<p>\n Evoluant depuis plusieurs jours dans les Cara\u00efbes, l&rsquo;ouragan a d\u00e9j\u00e0 fait au moins quatre morts en Ha\u00efti et en R\u00e9publique dominicaine, qui \u00e9taient toujours lundi sous la menace de pluies importantes pouvant entra\u00eener des glissements de terrain et inondations.\n<\/p>\n<p>\n Dans le sud du pays, plusieurs personnes avaient trouv\u00e9 refuge dans un bar \u00e0 Flagaman.\n<\/p>\n<p>        <img decoding=\"async\" src=\"https:\/\/www.europesays.com\/fr\/wp-content\/uploads\/2025\/10\/d2e5d9cc4892d4257e51940cb163cf76-760x506.jpg\" alt=\"Fortes vagues avant l'arriv\u00e9e de l'ouragan Melissa \u00e0 Kingston, en Jama\u00efque, le 25 octobre 2025 ( AFP \/ Ricardo Makyn )\" loading=\"eager\" width=\"760\" height=\"506\" style=\"max-width: 100%!important; height: auto;\"\/><\/p>\n<p class=\"c-image-news__legend\">Fortes vagues avant l&rsquo;arriv\u00e9e de l&rsquo;ouragan Melissa \u00e0 Kingston, en Jama\u00efque, le 25 octobre 2025 ( AFP \/ Ricardo Makyn )<\/p>\n<p>\n \u00ab\u00a0Je suis vraiment inquiet pour les gens\u00a0\u00bb, confie \u00e0 l&rsquo;AFP Enrico Coke, un fermier qui dit craindre que les p\u00eacheurs et agriculteurs ne paient le plus lourd tribut.\n<\/p>\n<p>\n Les autorit\u00e9s ont exhort\u00e9 la population \u00e0 se mettre \u00e0 l&rsquo;abri en pr\u00e9vision des vents puissants et pluies torrentielles qui doivent s&rsquo;abattre sur le territoire et pourraient causer d&rsquo;importants d\u00e9g\u00e2ts mat\u00e9riels ainsi que des coupures prolong\u00e9es d&rsquo;\u00e9lectricit\u00e9 et des communications.\n<\/p>\n<p>\n Des pr\u00e9cipitations torrentielles pouvant entra\u00eener jusqu&rsquo;\u00e0 plus d&rsquo;un m\u00e8tre de pluie sont notamment attendues par endroit, a pr\u00e9venu Michael Brennan, le directeur du Centre am\u00e9ricain des ouragans (NHC).\n<\/p>\n<p> &#8211; Changement climatique &#8211;<\/p>\n<p>\n L&rsquo;inqui\u00e9tude est d&rsquo;autant plus grande que l&rsquo;ouragan Melissa \u00e9volue \u00e0 une vitesse tr\u00e8s basse, de six kilom\u00e8tres par heure. Les pluies torrentielles et vents puissants pourraient donc s&rsquo;\u00e9terniser sur les localit\u00e9s affect\u00e9es.\n<\/p>\n<p>        <img decoding=\"async\" src=\"https:\/\/www.europesays.com\/fr\/wp-content\/uploads\/2025\/10\/ca86241c08ebf6a1bb6be291c63d55af-760x507.jpg\" alt=\"Des bateaux de p\u00eache  amarr\u00e9s les uns aux autres avant l\u2019arriv\u00e9e de l\u2019ouragan Melissa dans le village de Rae Town, \u00e0 l\u2019est de Kingston, en Jama\u00efque, le 25 octobre 2025 ( AFP \/ Ricardo Makyn )\" loading=\"eager\" width=\"760\" height=\"507\" style=\"max-width: 100%!important; height: auto;\"\/><\/p>\n<p class=\"c-image-news__legend\">Des bateaux de p\u00eache  amarr\u00e9s les uns aux autres avant l\u2019arriv\u00e9e de l\u2019ouragan Melissa dans le village de Rae Town, \u00e0 l\u2019est de Kingston, en Jama\u00efque, le 25 octobre 2025 ( AFP \/ Ricardo Makyn )<\/p>\n<p>\n Pour le climatologue Daniel Gliford, le changement climatique aggrave par ailleurs \u00ab\u00a0tous les aspects les plus n\u00e9fastes de l&rsquo;ouragan Melissa\u00a0\u00bb.\n<\/p>\n<p>\n \u00ab\u00a0Il entra\u00eene des pr\u00e9cipitations et des submersions c\u00f4ti\u00e8res plus importantes et avec des intensit\u00e9s plus fortes que ce qui aurait \u00e9t\u00e9 observ\u00e9 dans un monde sans changement climatique\u00a0\u00bb, insiste l&rsquo;expert aupr\u00e8s de l&rsquo;AFP.\n<\/p>\n<p>\n Le dernier ouragan majeur \u00e0 avoir touch\u00e9 terre en Jama\u00efque \u00e9tait l&rsquo;ouragan Gilbert de septembre 1988. De cat\u00e9gorie 3 ou plus sur l&rsquo;\u00e9chelle de Saffir-Simpson, il avait fait 40 morts et d&rsquo;\u00e9normes d\u00e9g\u00e2ts dans le pays.\n<\/p>\n<p>        <img decoding=\"async\" src=\"https:\/\/www.europesays.com\/fr\/wp-content\/uploads\/2025\/10\/4ac327d4110105030e707cb083959de4-760x507.jpg\" alt=\"Des sacs de sable plac\u00e9s \u00e0 l'entr\u00e9e d'un b\u00e2tiementavant l'arriv\u00e9e de l'ouragan Melissa \u00e0 Kingston, en Jama\u00efque, le 25 octobre 2025 ( AFP \/ Ricardo Makyn )\" loading=\"eager\" width=\"760\" height=\"507\" style=\"max-width: 100%!important; height: auto;\"\/><\/p>\n<p class=\"c-image-news__legend\">Des sacs de sable plac\u00e9s \u00e0 l&rsquo;entr\u00e9e d&rsquo;un b\u00e2tiementavant l&rsquo;arriv\u00e9e de l&rsquo;ouragan Melissa \u00e0 Kingston, en Jama\u00efque, le 25 octobre 2025 ( AFP \/ Ricardo Makyn )<\/p>\n<p>\n Depuis, l&rsquo;\u00eele avait \u00e9t\u00e9 frapp\u00e9e par plusieurs ouragans, dont certains majeurs, le dernier en date \u00e9tant B\u00e9ryl, en juillet 2024, qui n&rsquo;y avait toutefois pas touch\u00e9 terre.\n<\/p>\n<p>\n Anormalement puissant pour cette p\u00e9riode de l&rsquo;ann\u00e9e, il avait provoqu\u00e9 de fortes pluies et des vents violents, faisant au moins quatre morts.\n<\/p>\n<p>\n A l&rsquo;approche de l&rsquo;arriv\u00e9e de l&rsquo;ouragan Melissa, les autorit\u00e9s jama\u00efcaines ont ferm\u00e9 les ports ainsi que l&rsquo;a\u00e9roport international qui dessert la capitale.\n<\/p>\n<p>\n L&rsquo;ouragan menace \u00e9galement l&rsquo;est de Cuba ainsi que le sud des Bahamas et l&rsquo;archipel des \u00eeles Turques-et-Ca\u00efques, un territoire britannique.<\/p>\n","protected":false},"excerpt":{"rendered":"Image satellite de l&rsquo;ouragan Melissa \u00e0 l&rsquo;approche de la Jama\u00efque, le 27 octobre 2025 ( RAMMB\/CIRA \/ &#8211;&hellip;\n","protected":false},"author":2,"featured_media":494425,"comment_status":"","ping_status":"","sticky":false,"template":"","format":"standard","meta":{"footnotes":""},"categories":[5],"tags":[400,11,398,408,405,1011,27,403,14,402,399,404,12,401,406,407,28],"class_list":{"0":"post-494424","1":"post","2":"type-post","3":"status-publish","4":"format-standard","5":"has-post-thumbnail","7":"category-international","8":"tag-action-cac-40","9":"tag-actualites","10":"tag-bourse-de-paris","11":"tag-boursorama","12":"tag-cotations","13":"tag-fr","14":"tag-france","15":"tag-indices-devises","16":"tag-international","17":"tag-investir","18":"tag-investissement","19":"tag-marche-boursier","20":"tag-news","21":"tag-sicav","22":"tag-trackers","23":"tag-warrants","24":"tag-world"},"share_on_mastodon":{"url":"https:\/\/pubeurope.com\/@fr\/115449308014195670","error":""},"_links":{"self":[{"href":"https:\/\/www.europesays.com\/fr\/wp-json\/wp\/v2\/posts\/494424","targetHints":{"allow":["GET"]}}],"collection":[{"href":"https:\/\/www.europesays.com\/fr\/wp-json\/wp\/v2\/posts"}],"about":[{"href":"https:\/\/www.europesays.com\/fr\/wp-json\/wp\/v2\/types\/post"}],"author":[{"embeddable":true,"href":"https:\/\/www.europesays.com\/fr\/wp-json\/wp\/v2\/users\/2"}],"replies":[{"embeddable":true,"href":"https:\/\/www.europesays.com\/fr\/wp-json\/wp\/v2\/comments?post=494424"}],"version-history":[{"count":0,"href":"https:\/\/www.europesays.com\/fr\/wp-json\/wp\/v2\/posts\/494424\/revisions"}],"wp:featuredmedia":[{"embeddable":true,"href":"https:\/\/www.europesays.com\/fr\/wp-json\/wp\/v2\/media\/494425"}],"wp:attachment":[{"href":"https:\/\/www.europesays.com\/fr\/wp-json\/wp\/v2\/media?parent=494424"}],"wp:term":[{"taxonomy":"category","embeddable":true,"href":"https:\/\/www.europesays.com\/fr\/wp-json\/wp\/v2\/categories?post=494424"},{"taxonomy":"post_tag","embeddable":true,"href":"https:\/\/www.europesays.com\/fr\/wp-json\/wp\/v2\/tags?post=494424"}],"curies":[{"name":"wp","href":"https:\/\/api.w.org\/{rel}","templated":true}]}}