{"id":494426,"date":"2025-10-28T01:56:13","date_gmt":"2025-10-28T01:56:13","guid":{"rendered":"https:\/\/www.europesays.com\/fr\/494426\/"},"modified":"2025-10-28T01:56:13","modified_gmt":"2025-10-28T01:56:13","slug":"seddik-benbahlouli-condamne-a-vingt-ans-de-reclusion-criminelle","status":"publish","type":"post","link":"https:\/\/www.europesays.com\/fr\/494426\/","title":{"rendered":"Seddik Benbahlouli condamn\u00e9 \u00e0 vingt ans de r\u00e9clusion criminelle"},"content":{"rendered":"<p>Pr\u00e8s de trente ans apr\u00e8s les faits et une longue cavale, Seddik Benbahlouli, dernier membre retrouv\u00e9 du \u00ab\u00a0<a href=\"https:\/\/www.20minutes.fr\/dossier\/roubaix\" class=\"c-link c-link--is-underlined\" rel=\"nofollow noopener\" target=\"_blank\">gang de Roubaix<\/a>\u00a0\u00bb, a \u00e9t\u00e9 condamn\u00e9 ce lundi \u00e0 vingt ans de r\u00e9clusion criminelle par la <a href=\"https:\/\/www.20minutes.fr\/societe\/cour_d_assises-1\/\" class=\"c-link c-link--is-underlined\" rel=\"nofollow noopener\" target=\"_blank\">cour d\u2019assises<\/a> du <a href=\"https:\/\/www.20minutes.fr\/dossier\/nord\" class=\"c-link c-link--is-underlined\" rel=\"nofollow noopener\" target=\"_blank\">Nord<\/a>. Il \u00e9tait notamment jug\u00e9 pour pour tentative de meurtre sur deux policiers en janvier\u00a01996.<\/p>\n<p>Tentative de meurtre et recel de vol de voiture<\/p>\n<p>Seddik Benbahlouli, 55 ans, \u00e9tait jug\u00e9 depuis le 17\u00a0octobre. Outre la tentative de meurtre sur les policiers, il a \u00e9galement \u00e9t\u00e9 condamn\u00e9 pour recel de v\u00e9hicule vol\u00e9. En revanche, l\u2019action publique concernant l\u2019association de malfaiteurs a \u00e9t\u00e9 d\u00e9clar\u00e9e \u00e9teinte.<\/p>\n<p>Lors de sa plaidoirie, ce lundi matin, son avocate, Me Soizic Salomon, avait demand\u00e9 son acquittement. On ignore \u00e0 ce stade s\u2019il compte faire appel.<\/p>\n","protected":false},"excerpt":{"rendered":"Pr\u00e8s de trente ans apr\u00e8s les faits et une longue cavale, Seddik Benbahlouli, dernier membre retrouv\u00e9 du \u00ab\u00a0gang&hellip;\n","protected":false},"author":2,"featured_media":494427,"comment_status":"","ping_status":"","sticky":false,"template":"","format":"standard","meta":{"footnotes":""},"categories":[4],"tags":[47,11,20851,43590,1011,27,303,12,2694,25,7940],"class_list":{"0":"post-494426","1":"post","2":"type-post","3":"status-publish","4":"format-standard","5":"has-post-thumbnail","7":"category-france","8":"tag-actualite","9":"tag-actualites","10":"tag-cour-dassises","11":"tag-douai","12":"tag-fr","13":"tag-france","14":"tag-justice","15":"tag-news","16":"tag-proces","17":"tag-republique-francaise","18":"tag-roubaix"},"share_on_mastodon":{"url":"https:\/\/pubeurope.com\/@fr\/115449311022466174","error":""},"_links":{"self":[{"href":"https:\/\/www.europesays.com\/fr\/wp-json\/wp\/v2\/posts\/494426","targetHints":{"allow":["GET"]}}],"collection":[{"href":"https:\/\/www.europesays.com\/fr\/wp-json\/wp\/v2\/posts"}],"about":[{"href":"https:\/\/www.europesays.com\/fr\/wp-json\/wp\/v2\/types\/post"}],"author":[{"embeddable":true,"href":"https:\/\/www.europesays.com\/fr\/wp-json\/wp\/v2\/users\/2"}],"replies":[{"embeddable":true,"href":"https:\/\/www.europesays.com\/fr\/wp-json\/wp\/v2\/comments?post=494426"}],"version-history":[{"count":0,"href":"https:\/\/www.europesays.com\/fr\/wp-json\/wp\/v2\/posts\/494426\/revisions"}],"wp:featuredmedia":[{"embeddable":true,"href":"https:\/\/www.europesays.com\/fr\/wp-json\/wp\/v2\/media\/494427"}],"wp:attachment":[{"href":"https:\/\/www.europesays.com\/fr\/wp-json\/wp\/v2\/media?parent=494426"}],"wp:term":[{"taxonomy":"category","embeddable":true,"href":"https:\/\/www.europesays.com\/fr\/wp-json\/wp\/v2\/categories?post=494426"},{"taxonomy":"post_tag","embeddable":true,"href":"https:\/\/www.europesays.com\/fr\/wp-json\/wp\/v2\/tags?post=494426"}],"curies":[{"name":"wp","href":"https:\/\/api.w.org\/{rel}","templated":true}]}}