{"id":494430,"date":"2025-10-28T01:58:20","date_gmt":"2025-10-28T01:58:20","guid":{"rendered":"https:\/\/www.europesays.com\/fr\/494430\/"},"modified":"2025-10-28T01:58:20","modified_gmt":"2025-10-28T01:58:20","slug":"loire-un-magasin-action-pourrait-ouvrir-dans-cette-ville-pres-de-saint-etienne","status":"publish","type":"post","link":"https:\/\/www.europesays.com\/fr\/494430\/","title":{"rendered":"Loire. Un magasin Action pourrait ouvrir dans cette ville pr\u00e8s de Saint-Etienne"},"content":{"rendered":"<p>            Par<br \/>\n        <strong><br \/>\n            <a href=\"https:\/\/actu.fr\/auteur\/redaction-saint-etienne\" title=\"Consulter tous les articles de R\u00e9daction Saint-\u00c9tienne\" target=\"_blank\" rel=\"noopener\">R\u00e9daction Saint-\u00c9tienne<\/a><br \/>\n        <\/strong><\/p>\n<p>        Publi\u00e9 le<\/p>\n<p>            27 oct. 2025 \u00e0 11h15        <\/p>\n<p>Bient\u00f4t un nouveau magasin Action dans la <a href=\"https:\/\/actu.fr\/auvergne-rhone-alpes\/loire_42\" target=\"_blank\" rel=\"noopener\">Loire<\/a>\u2009? Selon les informations de l\u2019<a href=\"https:\/\/mesinfos.fr\/42160-andrezieux-boutheon\/un-magasin-action-bientot-implante-a-andrezieux-boutheon-232444.html\" target=\"_blank\" rel=\"noopener\">Essor Loire<\/a>, une boutique de la marque n\u00e9erlandaise hard-discount devrait ouvrir dans la ville d\u2019<a href=\"https:\/\/actu.fr\/auvergne-rhone-alpes\/andrezieux-boutheon_42005\" target=\"_blank\" rel=\"noopener\">Andr\u00e9zieux-Bouth\u00e9on<\/a>, pr\u00e8s de <a href=\"https:\/\/actu.fr\/saint-etienne\/\" target=\"_blank\" rel=\"noopener\">Saint-Etienne<\/a>.<\/p>\n<p>\u00ab\u2009Nous ne communiquons pas sur l\u2019ouverture de nos magasins autant \u00e0 l\u2019avance\u2009\u00bb<\/p>\n<p class=\" wall-content\">Le point de vente pourrait remplacer le Casino Drive, avenue Saint-Exup\u00e9ry, ferm\u00e9 depuis un moment.<\/p>\n<p class=\" wall-content\">Contact\u00e9e par actu.fr, l\u2019enseigne avoue \u00e0 demi-mot une ouverture\u2009: \u00ab\u2009Nous ne communiquons pas sur l\u2019ouverture de nos magasins autant \u00e0 l\u2019avance.\u2009\u00bb Des informations seront communiqu\u00e9es plus tard <strong>quand la date d\u2019ouverture de ce magasin sera plus proche<\/strong>.<\/p>\n<p>D\u00e9j\u00e0 \u00e0 Centre Deux Saint-Etienne, Firminy, etc.<\/p>\n<p class=\" wall-content\">Des <strong>formalit\u00e9s administratives<\/strong> sont \u00e0 r\u00e9gler avant l\u2019annonce d\u2019une date d\u2019ouverture pour Action, pr\u00e9cisent nos confr\u00e8res.<\/p>\n<p class=\" wall-content\">Pour rappel, Action est pr\u00e9sent \u00e0 Centre Deux Saint-\u00c9tienne, Firminy, Saint-Priest-en-Jarez et Montbrison.<\/p>\n<p class=\" wall-content\">Personnalisez votre actualit\u00e9 en ajoutant vos villes et m\u00e9dias en favori avec <a href=\"https:\/\/moncompte.actu.fr\" title=\"D\u00e9couvez Mon Actu\" rel=\"nofollow noopener\" data-trk=\"{&quot;cta&quot;:{&quot;action&quot;:&quot;https:\\\/\\\/moncompte.actu.fr&quot;,&quot;category&quot;:&quot;mon compte&quot;,&quot;from&quot;:&quot;article footer&quot;,&quot;name&quot;:&quot;Mon actu&quot;,&quot;type&quot;:&quot;cta&quot;}}\" target=\"_blank\">Mon Actu<\/a>.<\/p>\n","protected":false},"excerpt":{"rendered":"Par R\u00e9daction Saint-\u00c9tienne Publi\u00e9 le 27 oct. 2025 \u00e0 11h15 Bient\u00f4t un nouveau magasin Action dans la Loire\u2009?&hellip;\n","protected":false},"author":2,"featured_media":494431,"comment_status":"","ping_status":"","sticky":false,"template":"","format":"standard","meta":{"footnotes":""},"categories":[9653],"tags":[1111,11,2430,215,33,1777,674,1011,27,12,3147,25,4001],"class_list":{"0":"post-494430","1":"post","2":"type-post","3":"status-publish","4":"format-standard","5":"has-post-thumbnail","7":"category-saint-etienne","8":"tag-actu","9":"tag-actualites","10":"tag-auvergne-rhone-alpes","11":"tag-commerce","12":"tag-economie","13":"tag-eu","14":"tag-europe","15":"tag-fr","16":"tag-france","17":"tag-news","18":"tag-nouveaux-commerces","19":"tag-republique-francaise","20":"tag-saint-etienne"},"share_on_mastodon":{"url":"https:\/\/pubeurope.com\/@fr\/115449318896503388","error":""},"_links":{"self":[{"href":"https:\/\/www.europesays.com\/fr\/wp-json\/wp\/v2\/posts\/494430","targetHints":{"allow":["GET"]}}],"collection":[{"href":"https:\/\/www.europesays.com\/fr\/wp-json\/wp\/v2\/posts"}],"about":[{"href":"https:\/\/www.europesays.com\/fr\/wp-json\/wp\/v2\/types\/post"}],"author":[{"embeddable":true,"href":"https:\/\/www.europesays.com\/fr\/wp-json\/wp\/v2\/users\/2"}],"replies":[{"embeddable":true,"href":"https:\/\/www.europesays.com\/fr\/wp-json\/wp\/v2\/comments?post=494430"}],"version-history":[{"count":0,"href":"https:\/\/www.europesays.com\/fr\/wp-json\/wp\/v2\/posts\/494430\/revisions"}],"wp:featuredmedia":[{"embeddable":true,"href":"https:\/\/www.europesays.com\/fr\/wp-json\/wp\/v2\/media\/494431"}],"wp:attachment":[{"href":"https:\/\/www.europesays.com\/fr\/wp-json\/wp\/v2\/media?parent=494430"}],"wp:term":[{"taxonomy":"category","embeddable":true,"href":"https:\/\/www.europesays.com\/fr\/wp-json\/wp\/v2\/categories?post=494430"},{"taxonomy":"post_tag","embeddable":true,"href":"https:\/\/www.europesays.com\/fr\/wp-json\/wp\/v2\/tags?post=494430"}],"curies":[{"name":"wp","href":"https:\/\/api.w.org\/{rel}","templated":true}]}}