{"id":494442,"date":"2025-10-28T02:08:12","date_gmt":"2025-10-28T02:08:12","guid":{"rendered":"https:\/\/www.europesays.com\/fr\/494442\/"},"modified":"2025-10-28T02:08:12","modified_gmt":"2025-10-28T02:08:12","slug":"parti-du-fc-rouen-victor-tilliez-rebondit-en-n3-off","status":"publish","type":"post","link":"https:\/\/www.europesays.com\/fr\/494442\/","title":{"rendered":"parti du FC Rouen, Victor Tilliez rebondit en N3 (off)"},"content":{"rendered":"<p>Deux semaines apr\u00e8s son d\u00e9part du leader du National, Victor Tilliez a officiellement retrouv\u00e9 un nouveau projet. Ce lundi 27 octobre, le Racing Besan\u00e7on a effectivement annonc\u00e9 la signature de l\u2019attaquant jusqu\u2019en fin de saison. Le joueur de 21 ans a quitt\u00e9 le FC Rouen la premi\u00e8re partie du mois d\u2019octobre, son club formateur. \u00ab\u00a0Je suis tr\u00e8s heureux de rejoindre le Racing Besan\u00e7on avec un projet ambitieux et de belles valeurs. H\u00e2te de d\u00e9buter l\u2019aventure et me mettre au service du collectif et du club\u00a0\u00bb a fait savoir l\u2019avant-centre, apparu \u00e0 une reprise en N1 avant son d\u00e9part des Diables Rouges. Les Bisontins sont cinqui\u00e8mes du Groupe F de National 3 apr\u00e8s les six premi\u00e8res journ\u00e9es.\u00a0<\/p>\n<p>Le communiqu\u00e9 du Racing Besan\u00e7on<\/p>\n<blockquote class=\"twitter-tweet\">\n<p dir=\"ltr\" lang=\"fr\">\ud83d\ude82 \ud835\udddd\ud835\uddee\ud835\uddfa\ud835\uddee\ud835\uddf6\ud835\ude00 \ud835\ude01\ud835\uddff\ud835\uddfc\ud835\uddfd \ud835\ude01\ud835\uddee\ud835\uddff\ud835\uddf1 \ud835\uddfd\ud835\uddfc\ud835\ude02\ud835\uddff \ud835\uddf1\ud835\uddf2\ud835\ude03\ud835\uddf2\ud835\uddfb\ud835\uddf6\ud835\uddff \ud835\uddd5\ud835\uddf6\ud835\ude00\ud835\uddfc\ud835\uddfb\ud835\ude01\ud835\uddf6\ud835\uddfb.\u2070Victor Tilliez, attaquant de 21 ans, rejoint le Racing en provenance du <a href=\"https:\/\/twitter.com\/fcr1899?ref_src=twsrc%5Etfw\" target=\"_blank\" rel=\"noopener\">@fcr1899<\/a> (N1) \ud83d\ude80<\/p>\n<p>Pour en savoir plus sur une recrue que personne n\u2019attendait \ud83d\udc49 <a href=\"https:\/\/t.co\/dgBvHcdLru\">https:\/\/t.co\/dgBvHcdLru<\/a><a href=\"https:\/\/twitter.com\/hashtag\/FamilleRacing?src=hash&amp;ref_src=twsrc%5Etfw\" target=\"_blank\" rel=\"noopener\">#FamilleRacing<\/a> <a href=\"https:\/\/t.co\/fY8VjCwFZS\">pic.twitter.com\/fY8VjCwFZS<\/a><\/p>\n<p>\u2014 Racing Besan\u00e7on (@racing_besancon) <a href=\"https:\/\/twitter.com\/racing_besancon\/status\/1982854619446567164?ref_src=twsrc%5Etfw\" target=\"_blank\" rel=\"noopener\">October 27, 2025<\/a><\/p>\n<\/blockquote>\n<p>Partagez cette info avec vos amis et vos proches en cliquant ici<br \/>Pour r\u00e9sumer<\/p>\n<p>Deux semaines apr\u00e8s son d\u00e9part du leader du National, Victor Tilliez a officiellement retrouv\u00e9 un nouveau projet. Ce lundi 27 octobre, le Racing Besan\u00e7on a effectivement annonc\u00e9 la signature de l\u2019attaquant jusqu\u2019en fin de saison.<\/p>\n<p> <img decoding=\"async\" width=\"76\" height=\"76\" loading=\"lazy\" src=\"https:\/\/static.wui.fr\/images_v3\/avatar-footnational.png\" alt=\"Youcef Ghalaza-Boudra\"\/><script async src=\"https:\/\/platform.twitter.com\/widgets.js\" charset=\"utf-8\"><\/script><\/p>\n","protected":false},"excerpt":{"rendered":"Deux semaines apr\u00e8s son d\u00e9part du leader du National, Victor Tilliez a officiellement retrouv\u00e9 un nouveau projet. Ce&hellip;\n","protected":false},"author":2,"featured_media":494443,"comment_status":"","ping_status":"","sticky":false,"template":"","format":"standard","meta":{"footnotes":""},"categories":[9587],"tags":[1111,11,1777,674,1011,27,59645,61695,59557,61694,12,5161,25,9590],"class_list":{"0":"post-494442","1":"post","2":"type-post","3":"status-publish","4":"format-standard","5":"has-post-thumbnail","7":"category-rouen","8":"tag-actu","9":"tag-actualites","10":"tag-eu","11":"tag-europe","12":"tag-fr","13":"tag-france","14":"tag-national-actus","15":"tag-national-mercato","16":"tag-national-3-actus","17":"tag-national-3-mercato","18":"tag-news","19":"tag-normandie","20":"tag-republique-francaise","21":"tag-rouen"},"share_on_mastodon":{"url":"https:\/\/pubeurope.com\/@fr\/115449358875382855","error":""},"_links":{"self":[{"href":"https:\/\/www.europesays.com\/fr\/wp-json\/wp\/v2\/posts\/494442","targetHints":{"allow":["GET"]}}],"collection":[{"href":"https:\/\/www.europesays.com\/fr\/wp-json\/wp\/v2\/posts"}],"about":[{"href":"https:\/\/www.europesays.com\/fr\/wp-json\/wp\/v2\/types\/post"}],"author":[{"embeddable":true,"href":"https:\/\/www.europesays.com\/fr\/wp-json\/wp\/v2\/users\/2"}],"replies":[{"embeddable":true,"href":"https:\/\/www.europesays.com\/fr\/wp-json\/wp\/v2\/comments?post=494442"}],"version-history":[{"count":0,"href":"https:\/\/www.europesays.com\/fr\/wp-json\/wp\/v2\/posts\/494442\/revisions"}],"wp:featuredmedia":[{"embeddable":true,"href":"https:\/\/www.europesays.com\/fr\/wp-json\/wp\/v2\/media\/494443"}],"wp:attachment":[{"href":"https:\/\/www.europesays.com\/fr\/wp-json\/wp\/v2\/media?parent=494442"}],"wp:term":[{"taxonomy":"category","embeddable":true,"href":"https:\/\/www.europesays.com\/fr\/wp-json\/wp\/v2\/categories?post=494442"},{"taxonomy":"post_tag","embeddable":true,"href":"https:\/\/www.europesays.com\/fr\/wp-json\/wp\/v2\/tags?post=494442"}],"curies":[{"name":"wp","href":"https:\/\/api.w.org\/{rel}","templated":true}]}}