{"id":494455,"date":"2025-10-28T02:18:19","date_gmt":"2025-10-28T02:18:19","guid":{"rendered":"https:\/\/www.europesays.com\/fr\/494455\/"},"modified":"2025-10-28T02:18:19","modified_gmt":"2025-10-28T02:18:19","slug":"le-cannabis-ne-lui-convenait-pas-il-avait-enleve-un-mineur-et-lui-avait-vole-de-largent","status":"publish","type":"post","link":"https:\/\/www.europesays.com\/fr\/494455\/","title":{"rendered":"Le cannabis ne lui convenait pas\u00a0: il avait enlev\u00e9 un mineur et lui avait vol\u00e9 de l\u2019argent"},"content":{"rendered":"<tr wp_automatic_readability=\"2.9291338582677\">\n<td valign=\"middle\" align=\"center\" class=\"col-logo\">\n    <img decoding=\"async\" src=\"https:\/\/www.europesays.com\/fr\/wp-content\/uploads\/2025\/04\/presse-ocean.gif\" alt=\"logo Presse-Oc\u00e9an\" height=\"66\"\/><\/p>\n<\/td>\n<td class=\"col-titre\">\n\t\t\tLundi 27 octobre 2025 18:43<br \/>\n\t\t\t<a class=\"icon-bulle sizeL count\" href=\"#ancreAvis\"><br \/>\n\t&#8230;<br \/>\n<\/a><\/td>\n<\/tr>\n<p>\t\t<a class=\"mavillebox2 elmt-photo\" href=\"https:\/\/maville.com\/photosmvi\/2025\/10\/27\/P35547722D7039235G.jpg\" title=\" Il avait enlev\u00e9 et soutir\u00e9 de l\u2019argent \u00e0 un jeune mineur, un homme de 23\u00a0ans condamn\u00e9 \u00e0 un an de prison avec sursis le 27\u00a0octobre 2025.  \u00a9  Presse Oc\u00e9an-EP  \" rel=\"galerie_actu nofollow noopener\" target=\"_blank\"><br \/>\n\t<img decoding=\"async\" src=\"https:\/\/www.europesays.com\/fr\/wp-content\/uploads\/2025\/10\/P35547722D7039235G_crop_640-330_.jpg\" alt=\"photo  il avait enlev\u00e9 et soutir\u00e9 de l\u2019argent \u00e0 un jeune mineur, un homme de 23\u00a0ans condamn\u00e9 \u00e0 un an de prison avec sursis le 27\u00a0octobre 2025.  \u00a9  presse oc\u00e9an-ep \"\/><br \/>\n\t1<br \/>\n<\/a><\/p>\n<p class=\"elmt-legende\"> Il avait enlev\u00e9 et soutir\u00e9 de l\u2019argent \u00e0 un jeune mineur, un homme de 23\u00a0ans condamn\u00e9 \u00e0 un an de prison avec sursis le 27\u00a0octobre 2025.  \u00a9  Presse Oc\u00e9an-EP  <\/p>\n<p>\t\tUn homme de 23\u00a0ans comparaissait lundi 27\u00a0octobre 2025 devant le tribunal correctionnel de Nantes, soup\u00e7onn\u00e9 d\u2019avoir enlev\u00e9 et s\u00e9questr\u00e9 un jeune mineur en juin\u00a02024, au Cellier. Insatisfait du cannabis qu\u2019il lui avait achet\u00e9, il l\u2019avait emmen\u00e9 en voiture, lui avait soutir\u00e9 de l\u2019argent et vol\u00e9 sa trottinette.<\/p>\n<p><b>Cet article est r\u00e9serv\u00e9 aux abonn\u00e9s<\/b><\/p>\n<p>Pour un acc\u00e8s imm\u00e9diat, abonnez-vous<\/p>\n<p><b>1\u00e8re semaine offerte<\/b><\/p>\n<p>\t\t \u00c9milie Plantard \u00a0\u00a0<br \/>\n\t\tPresse-Oc\u00e9an<\/p>\n<p>Retrouvez d&rsquo;autres actus sur les communes de :<\/p>\n<p>\t\t&#13;<\/p>\n","protected":false},"excerpt":{"rendered":"Lundi 27 octobre 2025 18:43 &#8230; 1 Il avait enlev\u00e9 et soutir\u00e9 de l\u2019argent \u00e0 un jeune mineur,&hellip;\n","protected":false},"author":2,"featured_media":494456,"comment_status":"","ping_status":"","sticky":false,"template":"","format":"standard","meta":{"footnotes":""},"categories":[2818],"tags":[1111,11,1261,3675,61699,42820,1777,674,1011,27,1123,766,12,2636,25,9343],"class_list":{"0":"post-494455","1":"post","2":"type-post","3":"status-publish","4":"format-standard","5":"has-post-thumbnail","7":"category-nantes","8":"tag-actu","9":"tag-actualites","10":"tag-argent","11":"tag-cannabis","12":"tag-convenait","13":"tag-enleve","14":"tag-eu","15":"tag-europe","16":"tag-fr","17":"tag-france","18":"tag-mineur","19":"tag-nantes","20":"tag-news","21":"tag-pays-de-la-loire","22":"tag-republique-francaise","23":"tag-vole"},"share_on_mastodon":{"url":"https:\/\/pubeurope.com\/@fr\/115449398563290666","error":""},"_links":{"self":[{"href":"https:\/\/www.europesays.com\/fr\/wp-json\/wp\/v2\/posts\/494455","targetHints":{"allow":["GET"]}}],"collection":[{"href":"https:\/\/www.europesays.com\/fr\/wp-json\/wp\/v2\/posts"}],"about":[{"href":"https:\/\/www.europesays.com\/fr\/wp-json\/wp\/v2\/types\/post"}],"author":[{"embeddable":true,"href":"https:\/\/www.europesays.com\/fr\/wp-json\/wp\/v2\/users\/2"}],"replies":[{"embeddable":true,"href":"https:\/\/www.europesays.com\/fr\/wp-json\/wp\/v2\/comments?post=494455"}],"version-history":[{"count":0,"href":"https:\/\/www.europesays.com\/fr\/wp-json\/wp\/v2\/posts\/494455\/revisions"}],"wp:featuredmedia":[{"embeddable":true,"href":"https:\/\/www.europesays.com\/fr\/wp-json\/wp\/v2\/media\/494456"}],"wp:attachment":[{"href":"https:\/\/www.europesays.com\/fr\/wp-json\/wp\/v2\/media?parent=494455"}],"wp:term":[{"taxonomy":"category","embeddable":true,"href":"https:\/\/www.europesays.com\/fr\/wp-json\/wp\/v2\/categories?post=494455"},{"taxonomy":"post_tag","embeddable":true,"href":"https:\/\/www.europesays.com\/fr\/wp-json\/wp\/v2\/tags?post=494455"}],"curies":[{"name":"wp","href":"https:\/\/api.w.org\/{rel}","templated":true}]}}