{"id":494475,"date":"2025-10-28T02:28:15","date_gmt":"2025-10-28T02:28:15","guid":{"rendered":"https:\/\/www.europesays.com\/fr\/494475\/"},"modified":"2025-10-28T02:28:15","modified_gmt":"2025-10-28T02:28:15","slug":"pres-de-lyon-un-conducteur-se-tue-dans-une-sortie-de-route","status":"publish","type":"post","link":"https:\/\/www.europesays.com\/fr\/494475\/","title":{"rendered":"Pr\u00e8s de Lyon : un conducteur se tue dans une sortie de route"},"content":{"rendered":"<p>Ce lundi 27 octobre, un conducteur a perdu la vie dans une sortie de route \u00e0 Saint-Martin-en-Haut, \u00e0 l&rsquo;ouest de Lyon. Sa voiture a fait une sortie de route.<\/p>\n<p>Une sortie de route mortelle s&rsquo;est produit dans le Rh\u00f4ne ce lundi 27 octobre. Un peu avant 16h, un automobiliste d&rsquo;environ 90 ans circulait sur la RD34 lorsqu&rsquo;il a perdu le contr\u00f4le \u00e0 <b>Saint-Martin-en-Haut<\/b>, dans les Monts du Lyonnais.<\/p>\n<p>La voiture a termin\u00e9 sa course dans un champ. Un t\u00e9moin de l&rsquo;accident est venu le secourir rapidement, lui prodiguant les gestes de premiers secours.<\/p>\n<p>Pr\u00e8s de 20 pompiers, avec cinq engins et un v\u00e9hicule du SAMU, sont ensuite intervenus sur place. Mais malgr\u00e9 les tentatives de r\u00e9animation, le nonag\u00e9naire est d\u00e9c\u00e9d\u00e9.<\/p>\n<p><img loading=\"lazy\" decoding=\"async\" src=\"https:\/\/www.europesays.com\/fr\/wp-content\/uploads\/2025\/10\/1761618495_631_img\" width=\"350\" height=\"200\" border=\"0\" title=\"L'automobiliste a \u00c3\u00a9t\u00c3\u00a9 l\u00c3\u00a9g\u00c3\u00a8rement bless\u00c3\u00a9 mais ses jours ne sont pas en danger\"\/><\/p>\n<p>\u25baFaits divers<\/p>\n<p style=\"font-size: 22px;\"><b>Une voiture se retourne en plein centre-ville \u00e0 Lyon : un bless\u00e9 l\u00e9ger\u00a0<\/b><\/p>\n<p>T\u00f4t ce dimanche 26 octobre, un automobiliste a&#8230;<\/p>\n<p><\/p>\n","protected":false},"excerpt":{"rendered":"Ce lundi 27 octobre, un conducteur a perdu la vie dans une sortie de route \u00e0 Saint-Martin-en-Haut, \u00e0&hellip;\n","protected":false},"author":2,"featured_media":494476,"comment_status":"","ping_status":"","sticky":false,"template":"","format":"standard","meta":{"footnotes":""},"categories":[1889],"tags":[119,1111,11,2430,1777,674,1011,27,2428,18,12,1311,25,11157,4752],"class_list":{"0":"post-494475","1":"post","2":"type-post","3":"status-publish","4":"format-standard","5":"has-post-thumbnail","7":"category-lyon","8":"tag-accident","9":"tag-actu","10":"tag-actualites","11":"tag-auvergne-rhone-alpes","12":"tag-eu","13":"tag-europe","14":"tag-fr","15":"tag-france","16":"tag-lyon","17":"tag-mort","18":"tag-news","19":"tag-pompiers","20":"tag-republique-francaise","21":"tag-saint-martin-en-haut","22":"tag-voiture"},"share_on_mastodon":{"url":"https:\/\/pubeurope.com\/@fr\/115449437782586401","error":""},"_links":{"self":[{"href":"https:\/\/www.europesays.com\/fr\/wp-json\/wp\/v2\/posts\/494475","targetHints":{"allow":["GET"]}}],"collection":[{"href":"https:\/\/www.europesays.com\/fr\/wp-json\/wp\/v2\/posts"}],"about":[{"href":"https:\/\/www.europesays.com\/fr\/wp-json\/wp\/v2\/types\/post"}],"author":[{"embeddable":true,"href":"https:\/\/www.europesays.com\/fr\/wp-json\/wp\/v2\/users\/2"}],"replies":[{"embeddable":true,"href":"https:\/\/www.europesays.com\/fr\/wp-json\/wp\/v2\/comments?post=494475"}],"version-history":[{"count":0,"href":"https:\/\/www.europesays.com\/fr\/wp-json\/wp\/v2\/posts\/494475\/revisions"}],"wp:featuredmedia":[{"embeddable":true,"href":"https:\/\/www.europesays.com\/fr\/wp-json\/wp\/v2\/media\/494476"}],"wp:attachment":[{"href":"https:\/\/www.europesays.com\/fr\/wp-json\/wp\/v2\/media?parent=494475"}],"wp:term":[{"taxonomy":"category","embeddable":true,"href":"https:\/\/www.europesays.com\/fr\/wp-json\/wp\/v2\/categories?post=494475"},{"taxonomy":"post_tag","embeddable":true,"href":"https:\/\/www.europesays.com\/fr\/wp-json\/wp\/v2\/tags?post=494475"}],"curies":[{"name":"wp","href":"https:\/\/api.w.org\/{rel}","templated":true}]}}