{"id":494494,"date":"2025-10-28T02:40:14","date_gmt":"2025-10-28T02:40:14","guid":{"rendered":"https:\/\/www.europesays.com\/fr\/494494\/"},"modified":"2025-10-28T02:40:14","modified_gmt":"2025-10-28T02:40:14","slug":"bonadei-ne-veut-pas-penser-a-son-avenir-avant-le-crucial-france-allemagne-2","status":"publish","type":"post","link":"https:\/\/www.europesays.com\/fr\/494494\/","title":{"rendered":"Bonadei ne veut pas penser \u00e0 son avenir avant le crucial France-Allemagne"},"content":{"rendered":"<p class=\"mb-4 text-lg md:leading-8 break-words\">Le s\u00e9lectionneur des Bleues, Laurent Bonadei, a affirm\u00e9, ce lundi, qu&rsquo;il n&rsquo;\u00e9tait pas \u00ab\u00a0focalis\u00e9\u00a0\u00bb sur sa \u00ab\u00a0situation personnelle\u00a0\u00bb, alors que les Bleues affrontent, ce mardi, l&rsquo;Allemagne, en demi-finale retour, de Ligue des nations, apr\u00e8s la d\u00e9faite (1-0) au match aller.<\/p>\n<p>\u00ab\u00a0L&rsquo;objectif est la Coupe du monde 2027\u00a0\u00bb<\/p>\n<p class=\"mb-4 text-lg md:leading-8 break-words\">\u00ab\u00a0J&rsquo;ai un objectif \u00e0 moyen terme qui est la Coupe du monde 2027. Les objectifs interm\u00e9diaires sont de faire progresser l&rsquo;\u00e9quipe\u00a0\u00bb, a assur\u00e9 devant la presse le s\u00e9lectionneur, <a href=\"https:\/\/fr.news.yahoo.com\/sport\/%C3%A7a-fout-rage-discours-laurent-063056699.html\" data-ylk=\"slk:qui a v\u00e9cu son premier \u00e9chec;elm:context_link;itc:0;sec:content-canvas;outcm:mb_qualified_link;_E:mb_qualified_link;ct:story;\" class=\"link  yahoo-link\" rel=\"nofollow noopener\" target=\"_blank\">qui a v\u00e9cu son premier \u00e9chec<\/a> cet \u00e9t\u00e9 en Suisse, lors de l&rsquo;\u00e9limination en quart de finale de l&rsquo;Euro, d\u00e9j\u00e0 contre l&rsquo;Allemagne (1-1, tab 6-5).<\/p>\n<p class=\"mb-4 text-lg md:leading-8 break-words\">\u00ab\u00a0\u00c0 l&rsquo;instant T, je ne suis pas focalis\u00e9 sur ma situation personnelle, je suis focalis\u00e9 sur le match de demain, sur comment mes joueuses vont pouvoir marquer plus de buts que l&rsquo;adversaire. Ce serait mal venu de ma part, de me poser des questions sur mon contrat. C&rsquo;est l&rsquo;\u00e9quipe de France qui compte avant tout\u00a0\u00bb, a-t-il insist\u00e9.<\/p>\n<p class=\"mb-4 text-lg md:leading-8 break-words\">Selon des sources proches de la direction de la F\u00e9d\u00e9ration fran\u00e7aise de football (FFF), le technicien n&rsquo;est pas en danger m\u00eame en cas de d\u00e9faite, ce mardi, et d&rsquo;\u00e9limination en demi-finale, de la Ligue des nations.<\/p>\n<p class=\"mb-4 text-lg md:leading-8 break-words\">Toujours en qu\u00eate d\u2019un premier titre majeur, l\u2019\u00e9quipe de France doit remonter un but de retard, lors de la demi-finale retour, face aux Allemandes, qui se sont impos\u00e9es 1-0 \u00e0 D\u00fcsseldorf vendredi.<\/p>\n<p class=\"mb-4 text-lg md:leading-8 break-words\"><a href=\"https:\/\/rmcsport.bfmtv.com\/football\/feminin\/equipe-de-france-feminine\/je-ne-suis-pas-focalise-sur-ma-situation-personnelle-bonadei-ne-veut-pas-penser-a-son-avenir-avant-le-crucial-france-allemagne_AV-202510270960.html#xtor=AL-68\" rel=\"nofollow noopener\" target=\"_blank\" data-ylk=\"slk:Article original publi\u00e9 sur RMC Sport;elm:context_link;itc:0;sec:content-canvas\" class=\"link \">Article original publi\u00e9 sur RMC Sport<\/a><\/p>\n","protected":false},"excerpt":{"rendered":"Le s\u00e9lectionneur des Bleues, Laurent Bonadei, a affirm\u00e9, ce lundi, qu&rsquo;il n&rsquo;\u00e9tait pas \u00ab\u00a0focalis\u00e9\u00a0\u00bb sur sa \u00ab\u00a0situation personnelle\u00a0\u00bb,&hellip;\n","protected":false},"author":2,"featured_media":494495,"comment_status":"","ping_status":"","sticky":false,"template":"","format":"standard","meta":{"footnotes":""},"categories":[1587],"tags":[11,672,12437,1804,1805,1803,1777,674,41565,1801,40192,23733,12,1802,61706],"class_list":{"0":"post-494494","1":"post","2":"type-post","3":"status-publish","4":"format-standard","5":"has-post-thumbnail","7":"category-allemagne","8":"tag-actualites","9":"tag-allemagne","10":"tag-bleues","11":"tag-bundesrepublik-deutschland","12":"tag-de","13":"tag-deutschland","14":"tag-eu","15":"tag-europe","16":"tag-federation-francaise-de-football","17":"tag-germany","18":"tag-lequipe-2","19":"tag-ligue-des-nations","20":"tag-news","21":"tag-republique-federale-dallemagne","22":"tag-situation-personnelle"},"share_on_mastodon":{"url":"https:\/\/pubeurope.com\/@fr\/115449483972617013","error":""},"_links":{"self":[{"href":"https:\/\/www.europesays.com\/fr\/wp-json\/wp\/v2\/posts\/494494","targetHints":{"allow":["GET"]}}],"collection":[{"href":"https:\/\/www.europesays.com\/fr\/wp-json\/wp\/v2\/posts"}],"about":[{"href":"https:\/\/www.europesays.com\/fr\/wp-json\/wp\/v2\/types\/post"}],"author":[{"embeddable":true,"href":"https:\/\/www.europesays.com\/fr\/wp-json\/wp\/v2\/users\/2"}],"replies":[{"embeddable":true,"href":"https:\/\/www.europesays.com\/fr\/wp-json\/wp\/v2\/comments?post=494494"}],"version-history":[{"count":0,"href":"https:\/\/www.europesays.com\/fr\/wp-json\/wp\/v2\/posts\/494494\/revisions"}],"wp:featuredmedia":[{"embeddable":true,"href":"https:\/\/www.europesays.com\/fr\/wp-json\/wp\/v2\/media\/494495"}],"wp:attachment":[{"href":"https:\/\/www.europesays.com\/fr\/wp-json\/wp\/v2\/media?parent=494494"}],"wp:term":[{"taxonomy":"category","embeddable":true,"href":"https:\/\/www.europesays.com\/fr\/wp-json\/wp\/v2\/categories?post=494494"},{"taxonomy":"post_tag","embeddable":true,"href":"https:\/\/www.europesays.com\/fr\/wp-json\/wp\/v2\/tags?post=494494"}],"curies":[{"name":"wp","href":"https:\/\/api.w.org\/{rel}","templated":true}]}}