{"id":494511,"date":"2025-10-28T02:53:13","date_gmt":"2025-10-28T02:53:13","guid":{"rendered":"https:\/\/www.europesays.com\/fr\/494511\/"},"modified":"2025-10-28T02:53:13","modified_gmt":"2025-10-28T02:53:13","slug":"cyclo-cross-wout-van-aert-a-flamanville-cest-en-bonne-voie","status":"publish","type":"post","link":"https:\/\/www.europesays.com\/fr\/494511\/","title":{"rendered":"Cyclo-cross. Wout van Aert \u00e0 Flamanville, c\u2019est en bonne voie\u00a0!"},"content":{"rendered":"<p>            Par<br \/>\n        <strong><br \/>\n            <a href=\"https:\/\/actu.fr\/auteur\/b-hue\" title=\"Consulter tous les articles de Baptiste Hue\" rel=\"nofollow noopener\" target=\"_blank\">Baptiste Hue<\/a><br \/>\n        <\/strong><\/p>\n<p>        Publi\u00e9 le<\/p>\n<p>            27 oct. 2025 \u00e0 18h05        <\/p>\n<p>Apr\u00e8s janvier 2022 et d\u00e9cembre 2023, le ch\u00e2teau de <a href=\"https:\/\/actu.fr\/normandie\/flamanville_50184\" rel=\"nofollow noopener\" target=\"_blank\">Flamanville<\/a> (<a href=\"https:\/\/actu.fr\/normandie\/manche_50\" rel=\"nofollow noopener\" target=\"_blank\">Manche<\/a>) accueillera <b>pour la troisi\u00e8me fois <\/b>une manche de Coupe du monde de cyclo-cross<b> le 30 novembre 2025.<\/b><\/p>\n<p class=\" wall-content\">Ce rendez-vous majeur du calendrier sportif manchois pourrait b\u00e9n\u00e9ficier cette ann\u00e9e de la pr\u00e9sence d\u2019une <b>t\u00eate d\u2019affiche exceptionnelle en la personne de Wout van Aert.<\/b><\/p>\n<p class=\" wall-content\">D\u2019apr\u00e8s un site sp\u00e9cialis\u00e9, le triple champion du monde de la discipline projette en effet de reprendre fin novembre sa saison dans les sous-bois, apr\u00e8s avoir mis un terme \u00e0 sa saison sur route <b>d\u00e8s le 20\u00a0septembre.<\/b><\/p>\n<p class=\" wall-content\">Selon Jeroen Vanbelleghem, un commentateur sportif belge, une participation \u00e0 la seule manche fran\u00e7aise de Coupe du monde serait <b>envisag\u00e9e<\/b> par le champion belge.<\/p>\n<blockquote class=\"ac-article-quote wall-content\">\n<p>Il ne sort pas d\u2019une saison sur route \u00e0 la hauteur de ses attentes, donc je pense qu\u2019il a envie de reprendre du plaisir en cyclo-cross. On a aucune certitude, mais c\u2019est loin d\u2019\u00eatre impossible de l\u2019avoir \u00e0 Flamanville.<\/p>\n<p>Alain Leclerc, co-organisateur du cyclo-cross de Flamanville<\/p><\/blockquote>\n<p class=\" wall-content\">Si elle venait \u00e0 se confirmer, la pr\u00e9sence de l\u2019ancien maillot vert du Tour de France serait une r\u00e9compense inestimable pour les<b> 220\u00a0b\u00e9n\u00e9voles<\/b> qui gravitent autour de l\u2019\u00e9v\u00e9nement. Elle pourrait \u00e9galement avoir <b>un impact consid\u00e9rable <\/b>au niveau de la billetterie.<\/p>\n<blockquote class=\"ac-article-quote wall-content\">\n<p>On a d\u00e9j\u00e0 des coureurs de classe internationale comme Thibau Nys, mais Wout van Aert, \u00e7a parle vraiment au grand public.<\/p>\n<p>Alain Leclerc, co-organisateur du cyclo-cross de Flamanville<\/p><\/blockquote>\n<p class=\" wall-content\">Dix fois vainqueur d\u2019\u00e9tape sur le Tour de France, notamment cet \u00e9t\u00e9 sur l\u2019\u00e9tape de Montmartre, vice-champion du monde sur route \u00e0 deux reprises, laur\u00e9at de grandes classiques comme Milan-San Remo, l\u2019Amstel Gold Race, les Strade Bianche, Gand-Wevelgem ou la Bretagne Classic, le Belge serai<b>t la grande attraction<\/b> de cet \u00e9v\u00e9nement.<\/p>\n<p>Votre r\u00e9gion, votre actu !<\/p>\n<p>Recevez chaque jour les infos qui comptent pour vous.<\/p>\n<p>\t<a href=\"https:\/\/actu.fr\/newsletter\" class=\"ac-btn ac-btn--corner ac-btn--medium ac-btn--blue800\" rel=\"nofollow noopener\" target=\"_blank\">S&rsquo;incrire<\/a><\/p>\n<p class=\" wall-content\">De son c\u00f4t\u00e9,<b> Mathieu Van der Poel, l\u2019autre star du cyclo-cross mondial, n\u2019a livr\u00e9 aucune information<\/b> quant \u00e0 son programme de reprise cet hiver.<\/p>\n<p class=\" wall-content\">Personnalisez votre actualit\u00e9 en ajoutant vos villes et m\u00e9dias en favori avec <a href=\"https:\/\/moncompte.actu.fr\" title=\"D\u00e9couvez Mon Actu\" rel=\"nofollow noopener\" data-trk=\"{&quot;cta&quot;:{&quot;action&quot;:&quot;https:\\\/\\\/moncompte.actu.fr&quot;,&quot;category&quot;:&quot;mon compte&quot;,&quot;from&quot;:&quot;article footer&quot;,&quot;name&quot;:&quot;Mon actu&quot;,&quot;type&quot;:&quot;cta&quot;}}\" target=\"_blank\">Mon Actu<\/a>.<\/p>\n","protected":false},"excerpt":{"rendered":"Par Baptiste Hue Publi\u00e9 le 27 oct. 2025 \u00e0 18h05 Apr\u00e8s janvier 2022 et d\u00e9cembre 2023, le ch\u00e2teau&hellip;\n","protected":false},"author":2,"featured_media":494512,"comment_status":"","ping_status":"","sticky":false,"template":"","format":"standard","meta":{"footnotes":""},"categories":[1411],"tags":[3168,1154,207,1011,27,60],"class_list":{"0":"post-494511","1":"post","2":"type-post","3":"status-publish","4":"format-standard","5":"has-post-thumbnail","7":"category-cyclisme","8":"tag-cotentin","9":"tag-cycling","10":"tag-cyclisme","11":"tag-fr","12":"tag-france","13":"tag-sports"},"share_on_mastodon":{"url":"https:\/\/pubeurope.com\/@fr\/115449535215205194","error":""},"_links":{"self":[{"href":"https:\/\/www.europesays.com\/fr\/wp-json\/wp\/v2\/posts\/494511","targetHints":{"allow":["GET"]}}],"collection":[{"href":"https:\/\/www.europesays.com\/fr\/wp-json\/wp\/v2\/posts"}],"about":[{"href":"https:\/\/www.europesays.com\/fr\/wp-json\/wp\/v2\/types\/post"}],"author":[{"embeddable":true,"href":"https:\/\/www.europesays.com\/fr\/wp-json\/wp\/v2\/users\/2"}],"replies":[{"embeddable":true,"href":"https:\/\/www.europesays.com\/fr\/wp-json\/wp\/v2\/comments?post=494511"}],"version-history":[{"count":0,"href":"https:\/\/www.europesays.com\/fr\/wp-json\/wp\/v2\/posts\/494511\/revisions"}],"wp:featuredmedia":[{"embeddable":true,"href":"https:\/\/www.europesays.com\/fr\/wp-json\/wp\/v2\/media\/494512"}],"wp:attachment":[{"href":"https:\/\/www.europesays.com\/fr\/wp-json\/wp\/v2\/media?parent=494511"}],"wp:term":[{"taxonomy":"category","embeddable":true,"href":"https:\/\/www.europesays.com\/fr\/wp-json\/wp\/v2\/categories?post=494511"},{"taxonomy":"post_tag","embeddable":true,"href":"https:\/\/www.europesays.com\/fr\/wp-json\/wp\/v2\/tags?post=494511"}],"curies":[{"name":"wp","href":"https:\/\/api.w.org\/{rel}","templated":true}]}}