{"id":494519,"date":"2025-10-28T02:58:17","date_gmt":"2025-10-28T02:58:17","guid":{"rendered":"https:\/\/www.europesays.com\/fr\/494519\/"},"modified":"2025-10-28T02:58:17","modified_gmt":"2025-10-28T02:58:17","slug":"un-dimanche-a-la-campagne-quels-sont-les-invites-de-frederic-lopez-ce-dimanche-2-novembre","status":"publish","type":"post","link":"https:\/\/www.europesays.com\/fr\/494519\/","title":{"rendered":"\u00ab\u00a0Un dimanche \u00e0 la campagne\u00a0\u00bb : quels sont les invit\u00e9s de Fr\u00e9d\u00e9ric Lopez ce dimanche 2 novembre ?"},"content":{"rendered":"<p>      R\u00e9sum\u00e9<\/p>\n<p>Ce dimanche, Fr\u00e9d\u00e9ric Lopez accueille St\u00e9phanie Le Quellec, B\u00e9nabar et Olivier Norek pour une \u00e9mission \u00e9voquant parcours, carri\u00e8res et moments de vie, dans un cadre paisible.<\/p>\n<p>        Sommaire<\/p>\n<p>Apr\u00e8s Kelly Massol, <a href=\"https:\/\/www.public.fr\/tag\/amel-bent\" target=\"_blank\" rel=\"noopener\">Amel Bent<\/a>, et <a href=\"https:\/\/vsd.fr\/tag\/florent-peyre\/\" target=\"_blank\" rel=\"noopener\">Florent Peyre<\/a>, trois nouveaux invit\u00e9s s\u2019appr\u00eatent \u00e0 rejoindre la maison de campagne de Fr\u00e9d\u00e9ric Lopez. En effet, un nouvel \u00e9pisode de <strong><a href=\"https:\/\/www.public.fr\/tag\/un-dimanche-a-la-campagne\" target=\"_blank\" rel=\"noopener\">Un dimanche \u00e0 la campagne<\/a><\/strong> sera diffus\u00e9 ce dimanche 2 novembre 2025 sur France 2.\u00a0<\/p>\n<p>Mais alors, quelles sont les personnalit\u00e9s qui vont monter sur la barque de l\u2019animateur pour ramer jusqu\u2019\u00e0 sa b\u00e2tisse situ\u00e9e dans un v\u00e9ritable havre de paix ? Comme l\u2019a annonc\u00e9 le compte Instagram de l\u2019\u00e9mission, les t\u00e9l\u00e9spectateurs pourront retrouver <strong>une pro des fourneaux, un \u00e9crivain, et un grand chanteur fran\u00e7ais.<\/strong><\/p>\n<p>Les invit\u00e9s de Fr\u00e9d\u00e9ric Lopez dans \u00ab\u00a0Un dimanche \u00e0 la campagne\u00a0\u00bb<\/p>\n<p>Ce dimanche 2 novembre 2025, deux hommes se retrouveront aux c\u00f4t\u00e9s d\u2019une femme pour livrer plusieurs secrets et raconter des anecdotes sur leur carri\u00e8re. Il s\u2019agit de l\u2019ancienne candidate et gagnante de <strong>Top Chef<\/strong>, <strong>St\u00e9phanie Le Quellec, <a href=\"https:\/\/www.public.fr\/benabar-ecoeure-par-son-massacre-il-balance\" target=\"_blank\" rel=\"noopener\">le chanteur B\u00e9nabar<\/a>, et l\u2019\u00e9crivain Olivier Norek.<\/strong><\/p>\n<ul class=\"wp-block-list\">\n<li>Ce dernier a vu le jour du c\u00f4t\u00e9 de Toulouse en 1975. Pendant plusieurs ann\u00e9es, il suit ses parents instituteurs lors de nombreux d\u00e9m\u00e9nagements avant de quitter le cursus scolaire \u00e0 l\u2019\u00e2ge de 17 ans. Il s\u2019engage alors comme b\u00e9n\u00e9vole pour l&rsquo;ONG M\u00e9decins sans fronti\u00e8res durant trois ans, jusqu&rsquo;en 1995. Ayant pris go\u00fbt \u00e0 la protection citoyenne au cours de cette exp\u00e9rience, il s\u2019engage en tant que gardien de la paix \u00e0 Aubervilliers en 1997. L\u2019invit\u00e9 du prochain \u00e9pisode de Un dimanche \u00e0 la campagne d\u00e9cide ensuite de passer le concours de lieutenant et choisit de rejoindre le SDPJ 93 de Bobigny apr\u00e8s avoir r\u00e9ussi le concours. \u00c9crivant des textes en parall\u00e8le de son travail, il publie son premier roman Code 93 qui s\u2019inspire directement de son environnement de travail, en 2013.<\/li>\n<li>B\u00e9nabar, quant \u00e0 lui, est n\u00e9 le 16 juin 1969 \u00e0 Thiais dans le Val-de-Marne. Bruno Nicolini, de son vrai nom, a d\u2019abord travaill\u00e9 en tant que r\u00e9alisateur et sc\u00e9nariste. Il a d\u2019ailleurs contribu\u00e9 \u00e0 l\u2019\u00e9criture de la s\u00e9rie H dans laquelle Jamel Debbouze, \u00c9ric, et Ramzy, ont notamment jou\u00e9. Malgr\u00e9 un premier album en 1997, c\u2019est r\u00e9ellement le deuxi\u00e8me qui permet \u00e0 B\u00e9nabar de se faire conna\u00eetre du grand public en 2001. Il remporte en 2007 la Victoire de la musique de la chanson originale pour\u00a0Le D\u00eener\u00a0ainsi que la Victoire de la musique de l&rsquo;artiste interpr\u00e8te masculin.\u00a0Au fil des ann\u00e9es, le mari de St\u00e9phanie a offert plusieurs albums \u00e0 son public dont Les b\u00e9n\u00e9fices du doute (2011), Inspir\u00e9 de faits r\u00e9els (2014),\u00a0Le d\u00e9but de la suite (2018), et derni\u00e8rement Indocile Heureux. B\u00e9nabar est l\u2019heureux papa de deux enfants, Manolo, n\u00e9 en 2004, et Ludmilla, en 2009.<\/li>\n<li>N\u00e9e \u00e0 Enghien-les-Bains, le 6 d\u00e9cembre 1981, St\u00e9phanie Le Quellec fait ses armes aupr\u00e8s de Philippe Legendre, meilleur ouvrier de France, au restaurant\u00a0Le Cinq\u00a0de l\u2019h\u00f4tel George-V \u00e0 Paris en 2001, apr\u00e8s avoir obtenu son BTS au lyc\u00e9e h\u00f4telier Albert-de-Mun de Paris \u00e0 l&rsquo;\u00e2ge de 19 ans. En 2011, elle participe \u00e0 l\u2019\u00e9mission de M6, Top Chef, et remporte le programme. Deux ans plus tard, elle devient cheffe du restaurant\u00a0La Sc\u00e8ne\u00a0de l\u2019h\u00f4tel Prince de Galles, \u00e0 Paris. Aujourd\u2019hui, elle coule des jours heureux aupr\u00e8s du chef cuisinier, David Le Quellec, avec leurs trois enfants.<\/li>\n<\/ul>\n<p>\n          Hits &amp; People en continu\n        <\/p>\n<p>\n          Public Radio\n        <\/p>\n<p>      Mentionn\u00e9s dans cet article<\/p>\n<p>      Sur le m\u00eame sujet<\/p>\n","protected":false},"excerpt":{"rendered":"R\u00e9sum\u00e9 Ce dimanche, Fr\u00e9d\u00e9ric Lopez accueille St\u00e9phanie Le Quellec, B\u00e9nabar et Olivier Norek pour une \u00e9mission \u00e9voquant parcours,&hellip;\n","protected":false},"author":2,"featured_media":494520,"comment_status":"","ping_status":"","sticky":false,"template":"","format":"standard","meta":{"footnotes":""},"categories":[1356],"tags":[58,59,1011,27,594,9481,252,1364,55474],"class_list":{"0":"post-494519","1":"post","2":"type-post","3":"status-publish","4":"format-standard","5":"has-post-thumbnail","7":"category-television","8":"tag-divertissement","9":"tag-entertainment","10":"tag-fr","11":"tag-france","12":"tag-france-2","13":"tag-frederic-lopez","14":"tag-television","15":"tag-tv","16":"tag-un-dimanche-a-la-campagne"},"share_on_mastodon":{"url":"https:\/\/pubeurope.com\/@fr\/115449555003096885","error":""},"_links":{"self":[{"href":"https:\/\/www.europesays.com\/fr\/wp-json\/wp\/v2\/posts\/494519","targetHints":{"allow":["GET"]}}],"collection":[{"href":"https:\/\/www.europesays.com\/fr\/wp-json\/wp\/v2\/posts"}],"about":[{"href":"https:\/\/www.europesays.com\/fr\/wp-json\/wp\/v2\/types\/post"}],"author":[{"embeddable":true,"href":"https:\/\/www.europesays.com\/fr\/wp-json\/wp\/v2\/users\/2"}],"replies":[{"embeddable":true,"href":"https:\/\/www.europesays.com\/fr\/wp-json\/wp\/v2\/comments?post=494519"}],"version-history":[{"count":0,"href":"https:\/\/www.europesays.com\/fr\/wp-json\/wp\/v2\/posts\/494519\/revisions"}],"wp:featuredmedia":[{"embeddable":true,"href":"https:\/\/www.europesays.com\/fr\/wp-json\/wp\/v2\/media\/494520"}],"wp:attachment":[{"href":"https:\/\/www.europesays.com\/fr\/wp-json\/wp\/v2\/media?parent=494519"}],"wp:term":[{"taxonomy":"category","embeddable":true,"href":"https:\/\/www.europesays.com\/fr\/wp-json\/wp\/v2\/categories?post=494519"},{"taxonomy":"post_tag","embeddable":true,"href":"https:\/\/www.europesays.com\/fr\/wp-json\/wp\/v2\/tags?post=494519"}],"curies":[{"name":"wp","href":"https:\/\/api.w.org\/{rel}","templated":true}]}}