{"id":494537,"date":"2025-10-28T03:08:18","date_gmt":"2025-10-28T03:08:18","guid":{"rendered":"https:\/\/www.europesays.com\/fr\/494537\/"},"modified":"2025-10-28T03:08:18","modified_gmt":"2025-10-28T03:08:18","slug":"ce-que-lon-sait-sur-la-tentative-de-viol-dans-le-rer-c-et-lagresseur-de-jhordana","status":"publish","type":"post","link":"https:\/\/www.europesays.com\/fr\/494537\/","title":{"rendered":"Ce que l\u2019on sait sur la tentative de viol dans le RER C et l\u2019agresseur de Jhordana"},"content":{"rendered":"<p>Jhordana, une jeune femme de nationalit\u00e9 <a href=\"https:\/\/www.20minutes.fr\/dossier\/bresil\" class=\"c-link c-link--is-underlined\" target=\"_blank\" rel=\"noopener\">br\u00e9silienne<\/a> \u00e2g\u00e9e de 26 ans, a \u00e9t\u00e9 agress\u00e9e par un homme dans le <a href=\"https:\/\/www.20minutes.fr\/dossier\/rer_c\" class=\"c-link c-link--is-underlined\" target=\"_blank\" rel=\"noopener\">RER C<\/a>. C\u2019est l\u2019intervention d\u2019une autre femme, pr\u00e9sente dans le m\u00eame <a href=\"https:\/\/www.20minutes.fr\/dossier\/train\" class=\"c-link c-link--is-underlined\" target=\"_blank\" rel=\"noopener\">train<\/a>, qui a entra\u00een\u00e9 la fuite de son agresseur, interpell\u00e9 finalement vendredi. Puis mis en examen et plac\u00e9 en d\u00e9tention provisoire ce lundi soir.<\/p>\n<p>Que s\u2019est-il pass\u00e9 le 16\u00a0octobre\u00a0?<\/p>\n<p>La jeune femme se trouvait \u00e0 Choisy-le-Roi (Val-de-Marne) et a pris place dans une rame de RER C alors quasiment vide \u00e0 8h30. Au m\u00e9dia <a href=\"https:\/\/www.instagram.com\/p\/DP7RmPADa34\/\" target=\"_blank\" class=\"c-link c-link--is-underlined\" rel=\"noopener\">portavoz_do_imigrante<\/a>, qui s\u2019adresse \u00e0 la diaspora br\u00e9silienne, la jeune femme raconte qu\u2019un homme s\u2019est assis \u00e0 c\u00f4t\u00e9 d\u2019elle. Alors qu\u2019elle tentait de se lever, \u00ab\u00a0il a baiss\u00e9 mon pantalon, et l\u00e0 ont commenc\u00e9 les violences\u00a0\u00bb, rapporte-t-elle. \u00ab\u00a0Il a commenc\u00e9 \u00e0 m\u2019embrasser. Comme je r\u00e9sistais, il a mordu ma bouche. [\u2026] Il a commenc\u00e9 \u00e0 me frapper le visage, \u00e0 me faire mal, \u00e0 m\u2019\u00e9trangler\u00a0\u00bb.<\/p>\n<p>Entendant des cris, Marguerite, une passag\u00e8re qui se trouvait dans un autre wagon, est alors intervenue. \u00ab\u00a0Il \u00e9tait compl\u00e8tement allong\u00e9 sur elle\u00a0\u00bb, explique cette derni\u00e8re \u00e0 <a href=\"https:\/\/www.franceinfo.fr\/faits-divers\/il-a-commence-a-me-frapper-le-visage-a-m-etrangler-ce-que-l-on-sait-de-la-tentative-de-viol-dans-le-rer-c-pour-laquelle-un-suspect-a-ete-interpelle_7576624.html#\" target=\"_blank\" class=\"c-link c-link--is-underlined\" rel=\"noopener\">France 2<\/a>. A sa vue, l\u2019agresseur s\u2019est relev\u00e9, permettant \u00e0 la victime de s\u2019extraire et de se r\u00e9fugier derri\u00e8re le t\u00e9moin. Avant de descendre et de prendre la fuite en gare de Villeneuve-le-Roi<\/p>\n<p>Que sait-on de l\u2019agresseur\u00a0?<\/p>\n<p>Arm\u00e9e de son courage, Marguerite a intim\u00e9 l\u2019ordre \u00e0 l\u2019homme de s\u2019\u00e9loigner et de quitter le wagon, tout en le filmant. C\u2019est sa vid\u00e9o, post\u00e9e sur les r\u00e9seaux sociaux, qui a permis de l\u2019interpeller quelques jours plus tard.<\/p>\n<blockquote class=\"twitter-tweet\" align=\"center\" data-lang=\"fr_FR\">\n<p lang=\"fr\" dir=\"ltr\">Alert\u00e9e par les cris d\u2019une jeune femme, une passag\u00e8re a fait fuir l&rsquo;agresseur en le filmant avec son t\u00e9l\u00e9phone portable. Elle t\u00e9moigne pour France T\u00e9l\u00e9visions, au lendemain de l\u2019arrestation d&rsquo;un suspect. <a href=\"https:\/\/twitter.com\/hashtag\/JT20H?src=hash&amp;ref_src=twsrc%5Etfw\" target=\"_blank\" rel=\"noopener\">#JT20H<\/a> <a href=\"https:\/\/t.co\/J3SurL2VvE\">pic.twitter.com\/J3SurL2VvE<\/a><\/p>\n<p>\u2014 franceinfo (@franceinfo) <a href=\"https:\/\/twitter.com\/franceinfo\/status\/1982351385229250978?ref_src=twsrc%5Etfw\" target=\"_blank\" rel=\"noopener\">October 26, 2025<\/a><\/p><\/blockquote>\n<p class=\"mb-xxl@xs color-ultramarine font-weight-semi-bold@xs font-source-serif-pro heading-s@xs\">L\u2019acc\u00e8s \u00e0 ce contenu a \u00e9t\u00e9 bloqu\u00e9 afin de respecter votre choix de consentement<\/p>\n<p class=\"mb-m@xs text-l@xs\">En cliquant sur\u00ab J\u2019accepte \u00bb, vous acceptez le d\u00e9p\u00f4t de cookies par des services externes et aurez ainsi acc\u00e8s aux contenus de nos partenaires.<\/p>\n<p class=\"mb-xl@xs text-s@xs\">Plus d\u2019informations sur la page<a href=\"https:\/\/www.20minutes.fr\/gestion-cookies\" class=\"mx-xxs@xs color-ultramarine\" target=\"_blank\" rel=\"noopener\">Politique de gestion des cookies<\/a><\/p>\n<p>J\u2019accepte<\/p>\n<p>L\u2019agresseur a \u00e9t\u00e9 interpell\u00e9 le 24\u00a0octobre, puis plac\u00e9 en garde \u00e0 vue. Au cours de celle-ci, il s\u2019est reconnu \u00ab\u00a0sur les vid\u00e9os qui lui \u00e9taient pr\u00e9sent\u00e9es\u00a0\u00bb. Mais il conteste \u00ab\u00a0toute tentative de viol ou d\u2019agression sexuelle\u00a0\u00bb, pr\u00e9cise le parquet de Cr\u00e9teil. Il ne reconna\u00eet qu\u2019une altercation avec la victime. De nationalit\u00e9 \u00e9gyptienne, l\u2019individu n\u2019est pas connu de la justice fran\u00e7aise.<\/p>\n<p>Il a \u00e9t\u00e9 d\u00e9f\u00e9r\u00e9 ce lundi \u00ab\u00a0dans le cadre d\u2019une information judiciaire ouverte du chef de tentative de viol, dans l\u2019objectif notamment d\u2019identifier d\u2019autres victimes\u00a0\u00bb, pr\u00e9cise le parquet. Puis, en d\u00e9but de soir\u00e9e, mis en examen et plac\u00e9 en d\u00e9tention provisoire.<\/p>\n<p>Y a-t-il d\u2019autres victimes potentielles\u00a0?<\/p>\n<p>Selon <a href=\"https:\/\/www.leparisien.fr\/faits-divers\/je-lai-reconnu-tout-de-suite-apres-la-tentative-de-viol-de-jhordana-dans-le-rer-c-dautres-victimes-temoignent-23-10-2025-QSAM2A637FEKHCMP66TWHNWIBA.php\" target=\"_blank\" class=\"c-link c-link--is-underlined\" rel=\"noopener\">Le Parisien<\/a>, deux autres femmes se sont manifest\u00e9es aupr\u00e8s de la justice. Elles auraient reconnu l\u2019agresseur qui aurait \u00e9galement eu un comportement de pr\u00e9dateur aupr\u00e8s d\u2019elle. \u00ab\u00a0Je l\u2019ai reconnu tout de suite quand j\u2019ai vu la vid\u00e9o sur <a href=\"https:\/\/www.20minutes.fr\/high-tech\/tiktok\/\" class=\"c-link c-link--is-underlined\" target=\"_blank\" rel=\"noopener\">TikTok<\/a>\u00a0\u00bb, explique Marie. Cette \u00e9tudiante de 20 ans n\u2019a aucun doute. Trois jours apr\u00e8s la tentative de viol de Jhordana, le m\u00eame homme s\u2019est assis \u00e0 c\u00f4t\u00e9 d\u2019elle, l\u00e0 encore dans une rame quasiment vide. Il a commenc\u00e9 \u00e0 se masturber. Elle s\u2019est jointe \u00e0 un groupe en sortant de la rame. L\u2019homme a commenc\u00e9 \u00e0 la suivre avant, finalement, de rester sur le quai.<\/p>\n<p>Une autre femme, infirmi\u00e8re de 58 ans, employ\u00e9e dans un h\u00f4pital, explique avoir crois\u00e9 cet homme qui s\u2019est l\u00e0 encore masturb\u00e9 devant elle. Elle a r\u00e9ussi \u00e0 s\u2019enfuir.<\/p>\n<p><script async src=\"https:\/\/platform.twitter.com\/widgets.js\" charset=\"utf-8\"><\/script><script async src=\"\/\/www.instagram.com\/embed.js\"><\/script><\/p>\n","protected":false},"excerpt":{"rendered":"Jhordana, une jeune femme de nationalit\u00e9 br\u00e9silienne \u00e2g\u00e9e de 26 ans, a \u00e9t\u00e9 agress\u00e9e par un homme dans&hellip;\n","protected":false},"author":2,"featured_media":494538,"comment_status":"","ping_status":"","sticky":false,"template":"","format":"standard","meta":{"footnotes":""},"categories":[4],"tags":[47,11,14772,118,1011,27,662,12,626,25,6561,1125,1265],"class_list":{"0":"post-494537","1":"post","2":"type-post","3":"status-publish","4":"format-standard","5":"has-post-thumbnail","7":"category-france","8":"tag-actualite","9":"tag-actualites","10":"tag-creteil","11":"tag-faits-divers","12":"tag-fr","13":"tag-france","14":"tag-ile-de-france","15":"tag-news","16":"tag-paris","17":"tag-republique-francaise","18":"tag-rer-c","19":"tag-val-de-marne","20":"tag-viol"},"share_on_mastodon":{"url":"https:\/\/pubeurope.com\/@fr\/115449594192901196","error":""},"_links":{"self":[{"href":"https:\/\/www.europesays.com\/fr\/wp-json\/wp\/v2\/posts\/494537","targetHints":{"allow":["GET"]}}],"collection":[{"href":"https:\/\/www.europesays.com\/fr\/wp-json\/wp\/v2\/posts"}],"about":[{"href":"https:\/\/www.europesays.com\/fr\/wp-json\/wp\/v2\/types\/post"}],"author":[{"embeddable":true,"href":"https:\/\/www.europesays.com\/fr\/wp-json\/wp\/v2\/users\/2"}],"replies":[{"embeddable":true,"href":"https:\/\/www.europesays.com\/fr\/wp-json\/wp\/v2\/comments?post=494537"}],"version-history":[{"count":0,"href":"https:\/\/www.europesays.com\/fr\/wp-json\/wp\/v2\/posts\/494537\/revisions"}],"wp:featuredmedia":[{"embeddable":true,"href":"https:\/\/www.europesays.com\/fr\/wp-json\/wp\/v2\/media\/494538"}],"wp:attachment":[{"href":"https:\/\/www.europesays.com\/fr\/wp-json\/wp\/v2\/media?parent=494537"}],"wp:term":[{"taxonomy":"category","embeddable":true,"href":"https:\/\/www.europesays.com\/fr\/wp-json\/wp\/v2\/categories?post=494537"},{"taxonomy":"post_tag","embeddable":true,"href":"https:\/\/www.europesays.com\/fr\/wp-json\/wp\/v2\/tags?post=494537"}],"curies":[{"name":"wp","href":"https:\/\/api.w.org\/{rel}","templated":true}]}}