{"id":494539,"date":"2025-10-28T03:09:21","date_gmt":"2025-10-28T03:09:21","guid":{"rendered":"https:\/\/www.europesays.com\/fr\/494539\/"},"modified":"2025-10-28T03:09:21","modified_gmt":"2025-10-28T03:09:21","slug":"pourquoi-lando-norris-a-t-il-ete-hue-sur-le-podium-au-mexique","status":"publish","type":"post","link":"https:\/\/www.europesays.com\/fr\/494539\/","title":{"rendered":"Pourquoi Lando Norris a-t-il \u00e9t\u00e9 hu\u00e9 sur le podium au Mexique ?"},"content":{"rendered":"<p itemprop=\"description\">Le public a clairement manifest\u00e9 son<br \/>\nm\u00e9contentement envers Lando Norris durant le week-end au Mexique,<br \/>\nnotamment au moment de son interview d\u2019apr\u00e8s-course, mais il reste<br \/>\nconcentr\u00e9 sur son objectif.<\/p>\n<p data-start=\"258\" data-end=\"444\">Dans le paddock, beaucoup ne<br \/>\ncomprenaient pas la raison de ces hu\u00e9es, jusqu\u2019\u00e0 ce qu\u2019un<br \/>\njournaliste local indique que cela serait li\u00e9 \u00e0 l\u2019\u00e9pisode pol\u00e9mique<br \/>\ndu Grand Prix d\u2019Italie \u00e0 Monza.<\/p>\n<p data-start=\"446\" data-end=\"663\">\u00c0 Monza, <a href=\"https:\/\/f1i.autojournal.fr\/dossiers\/ecuries-de-f1\/mclaren-f1-team-357173.html\" target=\"_blank\" rel=\"noopener\"><br \/>\nMcLaren<\/a> avait demand\u00e9 \u00e0 <a href=\"https:\/\/f1i.autojournal.fr\/dossiers\/pilotes-de-f1\/oscar-piastri-f1-mclaren-624797.html\" target=\"_blank\" rel=\"noopener\"><br \/>\nOscar Piastri<\/a> de c\u00e9der la deuxi\u00e8me place \u00e0 <a href=\"https:\/\/f1i.autojournal.fr\/dossiers\/pilotes-de-f1\/lando-norris-pilote-f1-357102.html\" target=\"_blank\" rel=\"noopener\"><br \/>\nNorris<\/a> apr\u00e8s un arr\u00eat au stand lent qui l\u2019avait replac\u00e9<br \/>\nderri\u00e8re son co\u00e9quipier, une consigne d\u2019\u00e9quipe qui avait fortement<br \/>\ndivis\u00e9 l\u2019opinion.<\/p>\n<p>Contre les consignes de<br \/>\nMcLaren<\/p>\n<p data-start=\"665\" data-end=\"886\">Cela avait conduit le magazine<br \/>\nmexicain Fast Mag \u00e0 lancer un sondage demandant si Norris<br \/>\n\u00e9tait en train de se faire offrir le titre, ce basculement de six<br \/>\npoints lui ayant permis de prendre la t\u00eate du championnat.<\/p>\n<p data-start=\"888\" data-end=\"1108\">Norris, d\u00e9sormais leader avec<br \/>\nun point d\u2019avance seulement, a toutefois affirm\u00e9 que les hu\u00e9es<br \/>\nayant accompagn\u00e9 ce qui est sans doute la dixi\u00e8me et la plus<br \/>\nimportante victoire de sa carri\u00e8re n\u2019avaient pas g\u00e2ch\u00e9 son<br \/>\nsucc\u00e8s.<\/p>\n<p data-start=\"1112\" data-end=\"1688\">\u00ab J\u2019aime les bonbons<br \/>\nacidul\u00e9s, a-t-il plaisant\u00e9. Honn\u00eatement, je ne sais pas<br \/>\npourquoi \u00e7a arrive. Les gens font ce qu\u2019ils veulent. Ils en ont le<br \/>\ndroit. C\u2019est le sport, parfois. Je ne sais pas pourquoi, mais je<br \/>\nn\u2019arrive pas \u00e0 m\u2019emp\u00eacher de rire quand on me hue. \u00c7a rend la chose<br \/>\nencore plus divertissante pour moi. S\u2019ils veulent continuer, ils<br \/>\npeuvent. Bien s\u00fbr, je pr\u00e9f\u00e9rerais qu\u2019on m\u2019applaudisse, mais bon\u2026<br \/>\nQui sait ? Comme je l\u2019ai d\u00e9j\u00e0 dit, je me concentre sur ce que j\u2019ai<br \/>\n\u00e0 faire. C\u2019\u00e9tait pareil \u00e0 Monza et dans d\u2019autres endroits.<br \/>\n\u00bb<\/p>\n<p>Norris assume encore sa<br \/>\nposition sur Monza<\/p>\n<p data-start=\"1738\" data-end=\"1948\">Norris a r\u00e9p\u00e9t\u00e9 qu\u2019il estimait<br \/>\nque McLaren avait pris la bonne d\u00e9cision \u00e0 Monza, rappelant que<br \/>\ncela respectait un pr\u00e9c\u00e9dent : lorsqu\u2019il avait lui-m\u00eame rendu une<br \/>\nvictoire \u00e0 Piastri au Grand Prix de Hongrie 2024.<\/p>\n<p data-start=\"1952\" data-end=\"2548\">\u00ab Les gens peuvent penser<br \/>\nce qu\u2019ils veulent, ils en ont le droit. De notre c\u00f4t\u00e9, on essaie<br \/>\nd\u2019\u00eatre \u00e9quitables, souligne-t-il. Comme on l\u2019avait dit \u00e0<br \/>\nl\u2019\u00e9poque. C\u2019est comme \u00e0 Budapest il y a deux ans : j\u2019aurais pu<br \/>\ngagner la course, mais j\u2019ai d\u00fb rendre la position \u00e0 Oscar parce<br \/>\nqu\u2019il m\u00e9ritait cette victoire. \u00bb<\/p>\n<p data-start=\"1952\" data-end=\"2548\">\u00ab \u00c0 Monza, c\u2019\u00e9tait pareil<br \/>\nmais dans l\u2019autre sens, observe Lando. On a fait une<br \/>\nerreur dans la strat\u00e9gie : on a arr\u00eat\u00e9 la mauvaise voiture au<br \/>\nmauvais moment. Donc oui, si certains veulent les trois<br \/>\npoints, qu\u2019ils les prennent. Mais moi aussi je m\u00e9ritais d\u2019\u00eatre<br \/>\ndevant \u00e0 Monza. Aussi simple que \u00e7a. \u00bb<\/p>\n","protected":false},"excerpt":{"rendered":"Le public a clairement manifest\u00e9 son m\u00e9contentement envers Lando Norris durant le week-end au Mexique, notamment au moment&hellip;\n","protected":false},"author":2,"featured_media":494540,"comment_status":"","ping_status":"","sticky":false,"template":"","format":"standard","meta":{"footnotes":""},"categories":[2],"tags":[11,1011,27,4475,12,61724],"class_list":{"0":"post-494539","1":"post","2":"type-post","3":"status-publish","4":"format-standard","5":"has-post-thumbnail","7":"category-actualites","8":"tag-actualites","9":"tag-fr","10":"tag-france","11":"tag-mclaren","12":"tag-news","13":"tag-norris"},"share_on_mastodon":{"url":"https:\/\/pubeurope.com\/@fr\/115449598042907386","error":""},"_links":{"self":[{"href":"https:\/\/www.europesays.com\/fr\/wp-json\/wp\/v2\/posts\/494539","targetHints":{"allow":["GET"]}}],"collection":[{"href":"https:\/\/www.europesays.com\/fr\/wp-json\/wp\/v2\/posts"}],"about":[{"href":"https:\/\/www.europesays.com\/fr\/wp-json\/wp\/v2\/types\/post"}],"author":[{"embeddable":true,"href":"https:\/\/www.europesays.com\/fr\/wp-json\/wp\/v2\/users\/2"}],"replies":[{"embeddable":true,"href":"https:\/\/www.europesays.com\/fr\/wp-json\/wp\/v2\/comments?post=494539"}],"version-history":[{"count":0,"href":"https:\/\/www.europesays.com\/fr\/wp-json\/wp\/v2\/posts\/494539\/revisions"}],"wp:featuredmedia":[{"embeddable":true,"href":"https:\/\/www.europesays.com\/fr\/wp-json\/wp\/v2\/media\/494540"}],"wp:attachment":[{"href":"https:\/\/www.europesays.com\/fr\/wp-json\/wp\/v2\/media?parent=494539"}],"wp:term":[{"taxonomy":"category","embeddable":true,"href":"https:\/\/www.europesays.com\/fr\/wp-json\/wp\/v2\/categories?post=494539"},{"taxonomy":"post_tag","embeddable":true,"href":"https:\/\/www.europesays.com\/fr\/wp-json\/wp\/v2\/tags?post=494539"}],"curies":[{"name":"wp","href":"https:\/\/api.w.org\/{rel}","templated":true}]}}