{"id":494557,"date":"2025-10-28T03:24:31","date_gmt":"2025-10-28T03:24:31","guid":{"rendered":"https:\/\/www.europesays.com\/fr\/494557\/"},"modified":"2025-10-28T03:24:31","modified_gmt":"2025-10-28T03:24:31","slug":"geolocalise-le-suspect-est-repere-devant-la-gare-et-interpelle","status":"publish","type":"post","link":"https:\/\/www.europesays.com\/fr\/494557\/","title":{"rendered":"g\u00e9olocalis\u00e9, le suspect est rep\u00e9r\u00e9 devant la gare et interpell\u00e9"},"content":{"rendered":"<p>\t\t\t\t\t Hier, dimanche 26 octobre un peu avant 7 heures, un vol de t\u00e9l\u00e9phone portable est signal\u00e9 \u00e0 la gare de Rouen (Seine-Maritime). Le p\u00e8re de la victime, un homme de 52 ans, explique que son fils \u00e2g\u00e9 de 24 ans, a \u00e9t\u00e9 agress\u00e9 \u00e0 son retour de bo\u00eete de nuit \u00e0 La Boh\u00eame, vers 5h30. L\u2019auteur pr\u00e9sum\u00e9 l\u2019aurait menac\u00e9 avec un couteau et d\u00e9rob\u00e9 plusieurs objets. <\/p>\n<p>Parmi eux : un iPhone, des AirPods, des cl\u00e9s, une cigarette \u00e9lectronique et un portefeuille. Le jeune homme est rentr\u00e9 \u00e0 pied avant d\u2019alerter son p\u00e8re.\n\t\t\t\t <\/p>\n","protected":false},"excerpt":{"rendered":"Hier, dimanche 26 octobre un peu avant 7 heures, un vol de t\u00e9l\u00e9phone portable est signal\u00e9 \u00e0 la&hellip;\n","protected":false},"author":2,"featured_media":494558,"comment_status":"","ping_status":"","sticky":false,"template":"","format":"standard","meta":{"footnotes":""},"categories":[9587],"tags":[1111,11,1067,1777,674,118,1011,27,12,5161,1072,25,9590,5163],"class_list":{"0":"post-494557","1":"post","2":"type-post","3":"status-publish","4":"format-standard","5":"has-post-thumbnail","7":"category-rouen","8":"tag-actu","9":"tag-actualites","10":"tag-enquete","11":"tag-eu","12":"tag-europe","13":"tag-faits-divers","14":"tag-fr","15":"tag-france","16":"tag-news","17":"tag-normandie","18":"tag-police","19":"tag-republique-francaise","20":"tag-rouen","21":"tag-seine-maritime"},"share_on_mastodon":{"url":"https:\/\/pubeurope.com\/@fr\/115449657008717812","error":""},"_links":{"self":[{"href":"https:\/\/www.europesays.com\/fr\/wp-json\/wp\/v2\/posts\/494557","targetHints":{"allow":["GET"]}}],"collection":[{"href":"https:\/\/www.europesays.com\/fr\/wp-json\/wp\/v2\/posts"}],"about":[{"href":"https:\/\/www.europesays.com\/fr\/wp-json\/wp\/v2\/types\/post"}],"author":[{"embeddable":true,"href":"https:\/\/www.europesays.com\/fr\/wp-json\/wp\/v2\/users\/2"}],"replies":[{"embeddable":true,"href":"https:\/\/www.europesays.com\/fr\/wp-json\/wp\/v2\/comments?post=494557"}],"version-history":[{"count":0,"href":"https:\/\/www.europesays.com\/fr\/wp-json\/wp\/v2\/posts\/494557\/revisions"}],"wp:featuredmedia":[{"embeddable":true,"href":"https:\/\/www.europesays.com\/fr\/wp-json\/wp\/v2\/media\/494558"}],"wp:attachment":[{"href":"https:\/\/www.europesays.com\/fr\/wp-json\/wp\/v2\/media?parent=494557"}],"wp:term":[{"taxonomy":"category","embeddable":true,"href":"https:\/\/www.europesays.com\/fr\/wp-json\/wp\/v2\/categories?post=494557"},{"taxonomy":"post_tag","embeddable":true,"href":"https:\/\/www.europesays.com\/fr\/wp-json\/wp\/v2\/tags?post=494557"}],"curies":[{"name":"wp","href":"https:\/\/api.w.org\/{rel}","templated":true}]}}