{"id":494559,"date":"2025-10-28T03:26:37","date_gmt":"2025-10-28T03:26:37","guid":{"rendered":"https:\/\/www.europesays.com\/fr\/494559\/"},"modified":"2025-10-28T03:26:37","modified_gmt":"2025-10-28T03:26:37","slug":"grenoble-guingamp-si-la-var-existe-ripoll-revient-sur-le-penalty-oublie-contre","status":"publish","type":"post","link":"https:\/\/www.europesays.com\/fr\/494559\/","title":{"rendered":"Grenoble &#8211; Guingamp. \u00ab\u00a0Si la Var existe\u2026\u00a0\u00bb\u00a0: Ripoll revient sur le penalty oubli\u00e9 contre"},"content":{"rendered":"<p><strong>\u00ab\u00a0Quand je revois le match contre Clermont, on a encore un penalty flagrant sur Donatien Gomis qui n\u2019est pas siffl\u00e9. Si la Var existe, il n\u2019y a m\u00eame pas \u00e0 discuter.\u00a0\u00bb<\/strong> Sylvain Ripoll n\u2019a pas m\u00e2ch\u00e9 ses mots en direction de l\u2019arbitrage ce lundi 27\u00a0octobre \u00e0 la veille du d\u00e9placement de son \u00e9quipe \u00e0 Grenoble pour la 12e journ\u00e9e de Ligue 2. L\u2019entra\u00eeneur costarmoricain estime que plusieurs d\u00e9cisions des hommes en noir<a href=\"https:\/\/www.ouest-france.fr\/sport\/football\/ea-guingamp\/direct-ea-guingamp-clermont-foot-suivez-le-match-de-la-11e-journee-de-ligue-2-en-live-f60af259-27a2-49ed-8639-cb210f654923\" target=\"_self\" rel=\"noopener\"> ont \u00e9t\u00e9 contraires \u00e0 son \u00e9quipe depuis le d\u00e9but de la saison<\/a>. <strong>\u00ab\u00a0Je ne vais pas toutes les reprendre,<\/strong> poursuit-il, <strong>mais il y en a un paquet. Je pense notamment aussi \u00e0 la main non siffl\u00e9e d\u2019un joueur de Nancy. Tout \u00e7a, ce sont des choses qui orientent les matches.\u00a0\u00bb<\/strong><\/p>\n<p><strong>Lire aussi\u00a0:<\/strong>\u00a0<a href=\"https:\/\/www.ouest-france.fr\/sport\/football\/ea-guingamp\/grenoble-guingamp-sohaib-nair-de-retour-a-lentrainement-un-ailier-tres-incertain-3d\" target=\"_self\" rel=\"noopener\">Grenoble &#8211; Guingamp. Sohaib Na\u00efr de retour \u00e0 l\u2019entra\u00eenement, un ailier tr\u00e8s incertain<\/a><\/p>\n<p>Sans amertume excessive dans le ton qu\u2019il a employ\u00e9, l\u2019homme, \u00ab\u00a0100\u00a0% pro Var\u00a0\u00bb, exprime plut\u00f4t une lassitude face \u00e0 la r\u00e9p\u00e9tition de ces faits de jeu. <strong>\u00ab\u00a0Quand il y a un hors-jeu de deux m\u00e8tres non siffl\u00e9, est-ce que c\u2019est juste\u00a0? Non. Apr\u00e8s, les situations \u00e0 la limite donnent un peu de grain \u00e0 moudre \u00e0 ceux qui sont contre l\u2019assistance vid\u00e9o mais moi, j\u2019ai toujours \u00e9t\u00e9 pour les choses justes.\u00a0\u00bb<\/strong><\/p>\n<p>\u00a0<\/p>\n","protected":false},"excerpt":{"rendered":"\u00ab\u00a0Quand je revois le match contre Clermont, on a encore un penalty flagrant sur Donatien Gomis qui n\u2019est&hellip;\n","protected":false},"author":2,"featured_media":494560,"comment_status":"","ping_status":"","sticky":false,"template":"","format":"standard","meta":{"footnotes":""},"categories":[9566],"tags":[1111,11,2430,3809,1465,3450,1777,674,63,1011,27,2731,1792,1922,12,25,479,517,1470],"class_list":{"0":"post-494559","1":"post","2":"type-post","3":"status-publish","4":"format-standard","5":"has-post-thumbnail","7":"category-grenoble","8":"tag-actu","9":"tag-actualites","10":"tag-auvergne-rhone-alpes","11":"tag-ball","12":"tag-basket","13":"tag-brest","14":"tag-eu","15":"tag-europe","16":"tag-football","17":"tag-fr","18":"tag-france","19":"tag-grenoble","20":"tag-handball","21":"tag-info","22":"tag-news","23":"tag-republique-francaise","24":"tag-rugby","25":"tag-sport","26":"tag-volley"},"share_on_mastodon":{"url":"https:\/\/pubeurope.com\/@fr\/115449664870166417","error":""},"_links":{"self":[{"href":"https:\/\/www.europesays.com\/fr\/wp-json\/wp\/v2\/posts\/494559","targetHints":{"allow":["GET"]}}],"collection":[{"href":"https:\/\/www.europesays.com\/fr\/wp-json\/wp\/v2\/posts"}],"about":[{"href":"https:\/\/www.europesays.com\/fr\/wp-json\/wp\/v2\/types\/post"}],"author":[{"embeddable":true,"href":"https:\/\/www.europesays.com\/fr\/wp-json\/wp\/v2\/users\/2"}],"replies":[{"embeddable":true,"href":"https:\/\/www.europesays.com\/fr\/wp-json\/wp\/v2\/comments?post=494559"}],"version-history":[{"count":0,"href":"https:\/\/www.europesays.com\/fr\/wp-json\/wp\/v2\/posts\/494559\/revisions"}],"wp:featuredmedia":[{"embeddable":true,"href":"https:\/\/www.europesays.com\/fr\/wp-json\/wp\/v2\/media\/494560"}],"wp:attachment":[{"href":"https:\/\/www.europesays.com\/fr\/wp-json\/wp\/v2\/media?parent=494559"}],"wp:term":[{"taxonomy":"category","embeddable":true,"href":"https:\/\/www.europesays.com\/fr\/wp-json\/wp\/v2\/categories?post=494559"},{"taxonomy":"post_tag","embeddable":true,"href":"https:\/\/www.europesays.com\/fr\/wp-json\/wp\/v2\/tags?post=494559"}],"curies":[{"name":"wp","href":"https:\/\/api.w.org\/{rel}","templated":true}]}}