{"id":494562,"date":"2025-10-28T03:29:22","date_gmt":"2025-10-28T03:29:22","guid":{"rendered":"https:\/\/www.europesays.com\/fr\/494562\/"},"modified":"2025-10-28T03:29:22","modified_gmt":"2025-10-28T03:29:22","slug":"rennes-le-film-incroyable-du-maintien-dhabib-beye-2","status":"publish","type":"post","link":"https:\/\/www.europesays.com\/fr\/494562\/","title":{"rendered":"Rennes, le film incroyable du maintien d&rsquo;Habib Beye"},"content":{"rendered":"<p data-testid=\"article-teaser\" class=\"article_teaser__rjxUK\">L\u2019entraineur de Rennes, Habib Beye, a v\u00e9cu une journ\u00e9e mouvement\u00e9e, lundi, entre un d\u00e9part imminent et un maintien \u00e0 la derni\u00e8re minute.<\/p>\n<p>Habib Beye \u00e9tait \u00e0 deux doigts de faire ses adieux au Stade Rennais. Lundi matin encore, tout semblait indiquer que l\u2019aventure du technicien s\u00e9n\u00e9galais allait prendre fin apr\u00e8s une s\u00e9rie noire inqui\u00e9tante. Mais contre toute attente, la direction bretonne a choisi de lui offrir un sursis inattendu, digne d\u2019un sc\u00e9nario de film. Entre incompr\u00e9hension, rebondissements et promesse de derni\u00e8re chance, le destin d\u2019Habib Beye \u00e0 Rennes s\u2019est jou\u00e9 en quelques heures \u00e0 peine, dans une atmosph\u00e8re o\u00f9 tout semblait d\u00e9j\u00e0 \u00e9crit.<\/p>\n","protected":false},"excerpt":{"rendered":"L\u2019entraineur de Rennes, Habib Beye, a v\u00e9cu une journ\u00e9e mouvement\u00e9e, lundi, entre un d\u00e9part imminent et un maintien&hellip;\n","protected":false},"author":2,"featured_media":494563,"comment_status":"","ping_status":"","sticky":false,"template":"","format":"standard","meta":{"footnotes":""},"categories":[2821],"tags":[1111,11,829,1777,674,1011,27,25442,66,12,584,25,2312,61725],"class_list":{"0":"post-494562","1":"post","2":"type-post","3":"status-publish","4":"format-standard","5":"has-post-thumbnail","7":"category-rennes","8":"tag-actu","9":"tag-actualites","10":"tag-bretagne","11":"tag-eu","12":"tag-europe","13":"tag-fr","14":"tag-france","15":"tag-h-beye","16":"tag-ligue-1","17":"tag-news","18":"tag-rennes","19":"tag-republique-francaise","20":"tag-toulouse","21":"tag-toulouse-vs-rennes"},"share_on_mastodon":{"url":"https:\/\/pubeurope.com\/@fr\/115449676813210332","error":""},"_links":{"self":[{"href":"https:\/\/www.europesays.com\/fr\/wp-json\/wp\/v2\/posts\/494562","targetHints":{"allow":["GET"]}}],"collection":[{"href":"https:\/\/www.europesays.com\/fr\/wp-json\/wp\/v2\/posts"}],"about":[{"href":"https:\/\/www.europesays.com\/fr\/wp-json\/wp\/v2\/types\/post"}],"author":[{"embeddable":true,"href":"https:\/\/www.europesays.com\/fr\/wp-json\/wp\/v2\/users\/2"}],"replies":[{"embeddable":true,"href":"https:\/\/www.europesays.com\/fr\/wp-json\/wp\/v2\/comments?post=494562"}],"version-history":[{"count":0,"href":"https:\/\/www.europesays.com\/fr\/wp-json\/wp\/v2\/posts\/494562\/revisions"}],"wp:featuredmedia":[{"embeddable":true,"href":"https:\/\/www.europesays.com\/fr\/wp-json\/wp\/v2\/media\/494563"}],"wp:attachment":[{"href":"https:\/\/www.europesays.com\/fr\/wp-json\/wp\/v2\/media?parent=494562"}],"wp:term":[{"taxonomy":"category","embeddable":true,"href":"https:\/\/www.europesays.com\/fr\/wp-json\/wp\/v2\/categories?post=494562"},{"taxonomy":"post_tag","embeddable":true,"href":"https:\/\/www.europesays.com\/fr\/wp-json\/wp\/v2\/tags?post=494562"}],"curies":[{"name":"wp","href":"https:\/\/api.w.org\/{rel}","templated":true}]}}