{"id":494596,"date":"2025-10-28T03:49:17","date_gmt":"2025-10-28T03:49:17","guid":{"rendered":"https:\/\/www.europesays.com\/fr\/494596\/"},"modified":"2025-10-28T03:49:17","modified_gmt":"2025-10-28T03:49:17","slug":"la-bourse-de-paris-profite-des-espoirs-de-detente-commerciale-actualites","status":"publish","type":"post","link":"https:\/\/www.europesays.com\/fr\/494596\/","title":{"rendered":"La Bourse de Paris profite des espoirs de d\u00e9tente commerciale : Actualit\u00e9s"},"content":{"rendered":"<p class=\"lead \">La Bourse de Paris a termin\u00e9 en petite hausse lundi, profitant des espoirs de d\u00e9tente commerciale entre les \u00c9tats-Unis et la Chine apr\u00e8s des propos encourageants du pr\u00e9sident am\u00e9ricain.<\/p>\n<p class=\"lead \">Le CAC 40 a termin\u00e9 en hausse de 0,16%, soit un gain de 13,55 points, pour terminer \u00e0 8.239,18 points.<\/p>\n<p class=\"lead \">L&rsquo;indice vedette de la place parisienne avait conclu stable vendredi, (0,00%) \u00e0 8.225,63 points et pris 0,63% sur la semaine.<\/p>\n<p class=\"lead \">Le CAC 40 reste ainsi \u00e0 quelques dizaines de points de ses records en s\u00e9ance \u00e0 8.271,48 points et en cl\u00f4ture \u00e0 8.258,86 points, atteints mardi.<\/p>\n<p class=\"lead \">\u00ab\u00a0La perception du march\u00e9 est rest\u00e9e positive, soutenue par les espoirs d&rsquo;un accord commercial entre les \u00c9tats-Unis et la Chine\u00a0\u00bb, commente Patrick Munnelly, analyste de Tickmill Group.<\/p>\n<p class=\"lead \">Donald Trump, qui est arriv\u00e9 lundi au Japon, s&rsquo;est montr\u00e9 r\u00e9solument optimiste avant sa rencontre cruciale jeudi avec le pr\u00e9sident chinois Xi Jinping, cens\u00e9e r\u00e9soudre le diff\u00e9rend commercial avec la Chine.<\/p>\n<p class=\"lead \">\u00ab\u00a0Nous aurons une tr\u00e8s bonne conversation\u00a0\u00bb avec Xi Jinping, a pr\u00e9dit le pr\u00e9sident am\u00e9ricain, pendant un \u00e9change avec la presse \u00e0 bord de son avion. <\/p>\n<p class=\"lead \">Par ailleurs, \u00ab\u00a0cette semaine s&rsquo;annonce cruciale pour les march\u00e9s financiers avec, \u00e0 l&rsquo;agenda, plusieurs d\u00e9cisions de banques centrales, les n\u00e9gociations commerciales entre les \u00c9tats-Unis et la Chine ainsi que les r\u00e9sultats trimestriels des grandes entreprises technologiques\u00a0\u00bb, note Fawad Razaqzada, analyste de march\u00e9 \u00e0 City Index.<\/p>\n<p class=\"lead \">Malgr\u00e9 l&rsquo;absence de publication de la plupart des indicateurs \u00e9conomiques \u00e0 cause de la paralysie budg\u00e9taire depuis d\u00e9but octobre aux Etats-Unis, la R\u00e9serve f\u00e9d\u00e9rale am\u00e9ricaine (Fed) devrait abaisser mercredi ses taux pour la seconde fois cette ann\u00e9e, alors que l&rsquo;inflation persiste.<\/p>\n<p class=\"lead \">Vendredi, le d\u00e9partement am\u00e9ricain du Travail a publi\u00e9 l&rsquo;indice d&rsquo;inflation CPI, une obligation dans la mesure o\u00f9 celui-ci sert pour l&rsquo;indexation des pensions de retraite des Am\u00e9ricains. Il a montr\u00e9 qu&rsquo;en septembre, les prix \u00e0 la consommation avaient continu\u00e9 d&rsquo;augmenter, de 3% sur un an.<\/p>\n<p class=\"lead \">emb\/tg\/LyS<\/p>\n<p class=\"small font-weight-bold text-gray3 \"> publi\u00e9 le 27 octobre \u00e0 18h48, AFP<\/p>\n<p>                             Partager<\/p>\n","protected":false},"excerpt":{"rendered":"La Bourse de Paris a termin\u00e9 en petite hausse lundi, profitant des espoirs de d\u00e9tente commerciale entre les&hellip;\n","protected":false},"author":2,"featured_media":494597,"comment_status":"","ping_status":"","sticky":false,"template":"","format":"standard","meta":{"footnotes":""},"categories":[1888],"tags":[1111,1928,11,1927,340,1777,674,1011,27,6205,12,1926,626,1925,25],"class_list":{"0":"post-494596","1":"post","2":"type-post","3":"status-publish","4":"format-standard","5":"has-post-thumbnail","7":"category-paris","8":"tag-actu","9":"tag-actu-paris","10":"tag-actualites","11":"tag-actualites-paris","12":"tag-bourse","13":"tag-eu","14":"tag-europe","15":"tag-fr","16":"tag-france","17":"tag-marchs","18":"tag-news","19":"tag-news-paris","20":"tag-paris","21":"tag-paris-news","22":"tag-republique-francaise"},"share_on_mastodon":{"url":"https:\/\/pubeurope.com\/@fr\/115449755349604193","error":""},"_links":{"self":[{"href":"https:\/\/www.europesays.com\/fr\/wp-json\/wp\/v2\/posts\/494596","targetHints":{"allow":["GET"]}}],"collection":[{"href":"https:\/\/www.europesays.com\/fr\/wp-json\/wp\/v2\/posts"}],"about":[{"href":"https:\/\/www.europesays.com\/fr\/wp-json\/wp\/v2\/types\/post"}],"author":[{"embeddable":true,"href":"https:\/\/www.europesays.com\/fr\/wp-json\/wp\/v2\/users\/2"}],"replies":[{"embeddable":true,"href":"https:\/\/www.europesays.com\/fr\/wp-json\/wp\/v2\/comments?post=494596"}],"version-history":[{"count":0,"href":"https:\/\/www.europesays.com\/fr\/wp-json\/wp\/v2\/posts\/494596\/revisions"}],"wp:featuredmedia":[{"embeddable":true,"href":"https:\/\/www.europesays.com\/fr\/wp-json\/wp\/v2\/media\/494597"}],"wp:attachment":[{"href":"https:\/\/www.europesays.com\/fr\/wp-json\/wp\/v2\/media?parent=494596"}],"wp:term":[{"taxonomy":"category","embeddable":true,"href":"https:\/\/www.europesays.com\/fr\/wp-json\/wp\/v2\/categories?post=494596"},{"taxonomy":"post_tag","embeddable":true,"href":"https:\/\/www.europesays.com\/fr\/wp-json\/wp\/v2\/tags?post=494596"}],"curies":[{"name":"wp","href":"https:\/\/api.w.org\/{rel}","templated":true}]}}