{"id":494598,"date":"2025-10-28T03:50:18","date_gmt":"2025-10-28T03:50:18","guid":{"rendered":"https:\/\/www.europesays.com\/fr\/494598\/"},"modified":"2025-10-28T03:50:18","modified_gmt":"2025-10-28T03:50:18","slug":"previsions-du-mardi-28-octobre-2025-8","status":"publish","type":"post","link":"https:\/\/www.europesays.com\/fr\/494598\/","title":{"rendered":"pr\u00e9visions du mardi 28 octobre 2025"},"content":{"rendered":"<p class=\"mb-4 text-lg md:leading-8 break-words\"><strong>M\u00e9t\u00e9o &#8211; Les nuages en pr\u00e9vision aujourd&rsquo;hui, et un ciel encore gris. Les temp\u00e9ratures seront de 13\u00b0C la matin\u00e9e et de 14\u00b0C l&rsquo;apr\u00e8s-midi&#8230;<\/strong><\/p>\n<p class=\"mb-4 text-lg md:leading-8 break-words\">Aujourd&rsquo;hui, Paris devra encore patienter avant que les nuages ne se dissipent. Les valeurs seront de 11\u00b0C au plus bas et de 15\u00b0C au maximum. Un vent de sud-ouest soufflera l\u00e9g\u00e8rement. Le soleil aura du mal \u00e0 percer au milieu des nuages qui subsisteront dans la matin\u00e9e. Il va faire environ 13\u00b0C. L&rsquo;apr\u00e8s-midi va rester maussade \u00e0 cause de petits nuages qui se maintiennent dans le ciel. Les temp\u00e9ratures s&rsquo;\u00e9chelonneront de 14 \u00e0 15\u00b0C. La grisaille ne se disperse toujours pas, il va y avoir encore des nuages le soir. Du mauvais temps est \u00e0 pr\u00e9voir. Des pluies \u00e9parses vont tomber. Le mercure affichera 13\u00b0C en moyenne. La nuit sera claire.<\/p>\n<p class=\"mb-4 text-lg md:leading-8 break-words\">Le soleil appara\u00eet l\u00e9g\u00e8rement demain. Ces \u00e9claircies devraient ravir les Parisiens. Les valeurs s&rsquo;\u00e9chelonneront entre 11 et 15\u00b0C. Une modeste brise de sud-ouest sera ressentie par les habitants. Les temp\u00e9ratures seront de 12\u00b0C au cours de la matin\u00e9e. Les valeurs afficheront entre 13 et 15\u00b0C durant l&rsquo;apr\u00e8s-midi. Le temps devrait s&rsquo;am\u00e9liorer pendant la soir\u00e9e.<\/p>\n<p class=\"mb-4 text-lg md:leading-8 break-words\">La m\u00e9t\u00e9o des journ\u00e9es qui suivent va changer progressivement. La m\u00e9t\u00e9o perdurera jeudi mais une d\u00e9gradation s&rsquo;ensuivra vendredi.<\/p>\n<p class=\"mb-4 text-lg md:leading-8 break-words\"><a href=\"https:\/\/www.20minutes.fr\/planete\/previsions-meteo\/4181923-20251028-meteo-paris-previsions-mardi-28-octobre-2025?at_medium=RSS%20feed&amp;at_campaign=ynews&amp;utm_source=yahoo&amp;utm_medium=rss&amp;utm_campaign=news_feed&amp;utm_content=read_more_link&quot;\" rel=\"nofollow noopener\" target=\"_blank\" data-ylk=\"slk:Lire la suite sur 20minutes;elm:context_link;itc:0;sec:content-canvas\" class=\"link \">Lire la suite sur 20minutes<\/a><\/p>\n","protected":false},"excerpt":{"rendered":"M\u00e9t\u00e9o &#8211; Les nuages en pr\u00e9vision aujourd&rsquo;hui, et un ciel encore gris. Les temp\u00e9ratures seront de 13\u00b0C la&hellip;\n","protected":false},"author":2,"featured_media":494599,"comment_status":"","ping_status":"","sticky":false,"template":"","format":"standard","meta":{"footnotes":""},"categories":[1888],"tags":[1111,1928,11,1927,1777,674,1011,27,51394,56028,2487,12,1926,626,1925,25],"class_list":{"0":"post-494598","1":"post","2":"type-post","3":"status-publish","4":"format-standard","5":"has-post-thumbnail","7":"category-paris","8":"tag-actu","9":"tag-actu-paris","10":"tag-actualites","11":"tag-actualites-paris","12":"tag-eu","13":"tag-europe","14":"tag-fr","15":"tag-france","16":"tag-la-matinee","17":"tag-la-meteo","18":"tag-meteo","19":"tag-news","20":"tag-news-paris","21":"tag-paris","22":"tag-paris-news","23":"tag-republique-francaise"},"share_on_mastodon":{"url":"https:\/\/pubeurope.com\/@fr\/115449759225030106","error":""},"_links":{"self":[{"href":"https:\/\/www.europesays.com\/fr\/wp-json\/wp\/v2\/posts\/494598","targetHints":{"allow":["GET"]}}],"collection":[{"href":"https:\/\/www.europesays.com\/fr\/wp-json\/wp\/v2\/posts"}],"about":[{"href":"https:\/\/www.europesays.com\/fr\/wp-json\/wp\/v2\/types\/post"}],"author":[{"embeddable":true,"href":"https:\/\/www.europesays.com\/fr\/wp-json\/wp\/v2\/users\/2"}],"replies":[{"embeddable":true,"href":"https:\/\/www.europesays.com\/fr\/wp-json\/wp\/v2\/comments?post=494598"}],"version-history":[{"count":0,"href":"https:\/\/www.europesays.com\/fr\/wp-json\/wp\/v2\/posts\/494598\/revisions"}],"wp:featuredmedia":[{"embeddable":true,"href":"https:\/\/www.europesays.com\/fr\/wp-json\/wp\/v2\/media\/494599"}],"wp:attachment":[{"href":"https:\/\/www.europesays.com\/fr\/wp-json\/wp\/v2\/media?parent=494598"}],"wp:term":[{"taxonomy":"category","embeddable":true,"href":"https:\/\/www.europesays.com\/fr\/wp-json\/wp\/v2\/categories?post=494598"},{"taxonomy":"post_tag","embeddable":true,"href":"https:\/\/www.europesays.com\/fr\/wp-json\/wp\/v2\/tags?post=494598"}],"curies":[{"name":"wp","href":"https:\/\/api.w.org\/{rel}","templated":true}]}}