{"id":494608,"date":"2025-10-28T03:55:14","date_gmt":"2025-10-28T03:55:14","guid":{"rendered":"https:\/\/www.europesays.com\/fr\/494608\/"},"modified":"2025-10-28T03:55:14","modified_gmt":"2025-10-28T03:55:14","slug":"le-japon-et-les-etats-unis-signent-un-accord-pour-securiser-leurs-approvisionnements-de-terres-rares","status":"publish","type":"post","link":"https:\/\/www.europesays.com\/fr\/494608\/","title":{"rendered":"Le Japon et les Etats-Unis signent un accord pour s\u00e9curiser leurs approvisionnements de terres rares"},"content":{"rendered":"<p>Les Etats-Unis et le Japon ont sign\u00e9, mardi, un accord-cadre pour \u00ab\u00a0s\u00e9curiser\u00a0\u00bb leurs approvisionnements de terres rares et de min\u00e9raux critiques. Une annonce \u00e0 l&rsquo;heure o\u00f9 la Chine adopte des restrictions drastiques sur ses exportations de ces mat\u00e9riaux essentiels.<\/p>\n<p>Ce document, sign\u00e9 \u00e0 Tokyo par le pr\u00e9sident am\u00e9ricain Donald Trump et la Premi\u00e8re ministre japonaise Sanae Takaichi, pr\u00e9voit une coop\u00e9ration accrue et une mobilisation de capitaux pour soutenir l&rsquo;exploitation mini\u00e8re et le traitement dans les deux pays.<\/p>\n<p>\u00ab\u00a0Les participants entendent mobiliser le soutien des gouvernements et du secteur priv\u00e9 (&#8230;) par le biais de subventions, garanties, pr\u00eats ou propres (&#8230;) assouplissements r\u00e9glementaires\u00a0\u00bb, ajoute l&rsquo;accord.<\/p>\n<p><strong class=\"inline-title\">&gt;&gt; Lire aussi\u00a0: <\/strong><a href=\"https:\/\/www.rts.ch\/info\/monde\/2025\/article\/la-chine-resserre-son-controle-sur-les-terres-rares-tensions-avec-l-occident-29023413.html\" data-item-id=\"richtext_link\" rel=\"nofollow noopener\" target=\"_blank\">La Chine impose de nouveaux contr\u00f4les sur les exportations de technologies li\u00e9es aux terres rares<\/a><\/p>\n<p>Un accord sur fond de restrictions chinoises<\/p>\n<p>Il intervient peu apr\u00e8s l&rsquo;annonce par la Chine de nouveaux contr\u00f4les sur l&rsquo;exportation de technologies li\u00e9es \u00e0 ces terres rares, au grand dam des Etats-Unis, du Japon et de l&rsquo;Europe.<\/p>\n<p>Or, la Chine assure plus de 60% de l&rsquo;extraction mini\u00e8re des m\u00e9taux appel\u00e9s \u00ab\u00a0terres rares\u00a0\u00bb et 92% de leur production raffin\u00e9e \u00e0 l&rsquo;\u00e9chelle mondiale, selon l&rsquo;Agence internationale de l&rsquo;\u00e9nergie. Ces mat\u00e9riaux sont essentiels pour le num\u00e9rique, l&rsquo;automobile, l&rsquo;\u00e9nergie ou encore l&rsquo;armement.<\/p>\n<p><strong class=\"inline-title\">&gt;&gt; A lire aussi\u00a0: <\/strong><a href=\"https:\/\/www.rts.ch\/info\/monde\/2025\/article\/trump-en-asie-rencontre-cruciale-avec-xi-jinping-sur-fond-de-guerre-commerciale-29039269.html\" data-item-id=\"richtext_link\" rel=\"nofollow noopener\" target=\"_blank\">Donald Trump entame une tourn\u00e9e en Asie sur fond de guerre commerciale avec la Chine<\/a><\/p>\n<p>Certaines terres rares (n\u00e9odyme, dysprosium&#8230;) permettent de fabriquer de puissants aimants, dont la Chine assure 90% de la production mondiale.<\/p>\n<p>L&rsquo;approvisionnement se r\u00e9organise<\/p>\n<p>\u00ab\u00a0Le Japon est profond\u00e9ment pr\u00e9occup\u00e9 par les importantes restrictions chinoises et les puissances du G7 devraient s&rsquo;unir sur cette question\u00a0\u00bb, avait d&rsquo;ailleurs d\u00e9clar\u00e9 mi-octobre celui qui \u00e9tait alors le ministre nippon des Finances, Katsunobu Kato.<\/p>\n<p><strong class=\"inline-title\">&gt;&gt; Lire aussi\u00a0: <\/strong><a href=\"https:\/\/www.rts.ch\/info\/economie\/2025\/article\/terres-rares-l-europe-cherche-a-briser-sa-dependance-a-la-chine-29013414.html\" data-item-id=\"richtext_link\" rel=\"nofollow noopener\" target=\"_blank\">L&rsquo;Occident peine \u00e0 sortir de sa d\u00e9pendance \u00e0 la Chine pour s&rsquo;approvisionner en terres rares<\/a><\/p>\n<p>Les Etats-Unis et l&rsquo;Australie ont par ailleurs sign\u00e9 la semaine derni\u00e8re un accord sur les min\u00e9raux critiques dont le sous-sol australien regorge, Canberra se posant ainsi en alternative fiable.<\/p>\n<p>En visite en Asie du Sud-Est, Donald Trump a \u00e9galement conclu dimanche deux protocoles d&rsquo;accord avec la Malaisie et la Tha\u00eflande pour \u00ab\u00a0renforcer la coop\u00e9ration\u00a0\u00bb sur les \u00ab\u00a0min\u00e9raux critiques\u00a0\u00bb.<\/p>\n<p class=\"sources\">afp\/lbl<\/p>\n","protected":false},"excerpt":{"rendered":"Les Etats-Unis et le Japon ont sign\u00e9, mardi, un accord-cadre pour \u00ab\u00a0s\u00e9curiser\u00a0\u00bb leurs approvisionnements de terres rares et&hellip;\n","protected":false},"author":2,"featured_media":494609,"comment_status":"","ping_status":"","sticky":false,"template":"","format":"standard","meta":{"footnotes":""},"categories":[1589],"tags":[46825,11,309,2160,7257,75,33,6359,73,1866,5798,652,2070,61727,74,12,316,1325,2543,25520,61728,1864,1865,1863,308],"class_list":{"0":"post-494608","1":"post","2":"type-post","3":"status-publish","4":"format-standard","5":"has-post-thumbnail","7":"category-etats-unis","8":"tag-accord-pacte-convention","9":"tag-actualites","10":"tag-chine","11":"tag-commerce-international","12":"tag-critique","13":"tag-donald-trump","14":"tag-economie","15":"tag-economie-et-finances","16":"tag-etats-unis","17":"tag-etats-unis-damerique","18":"tag-exportation","19":"tag-famille","20":"tag-japon","21":"tag-materiau","22":"tag-monde","23":"tag-news","24":"tag-politique","25":"tag-president-des-etats-unis","26":"tag-relations-internationales","27":"tag-restriction","28":"tag-terre-rare","29":"tag-united-states","30":"tag-united-states-of-america","31":"tag-us","32":"tag-usa"},"share_on_mastodon":{"url":"https:\/\/pubeurope.com\/@fr\/115449779410767211","error":""},"_links":{"self":[{"href":"https:\/\/www.europesays.com\/fr\/wp-json\/wp\/v2\/posts\/494608","targetHints":{"allow":["GET"]}}],"collection":[{"href":"https:\/\/www.europesays.com\/fr\/wp-json\/wp\/v2\/posts"}],"about":[{"href":"https:\/\/www.europesays.com\/fr\/wp-json\/wp\/v2\/types\/post"}],"author":[{"embeddable":true,"href":"https:\/\/www.europesays.com\/fr\/wp-json\/wp\/v2\/users\/2"}],"replies":[{"embeddable":true,"href":"https:\/\/www.europesays.com\/fr\/wp-json\/wp\/v2\/comments?post=494608"}],"version-history":[{"count":0,"href":"https:\/\/www.europesays.com\/fr\/wp-json\/wp\/v2\/posts\/494608\/revisions"}],"wp:featuredmedia":[{"embeddable":true,"href":"https:\/\/www.europesays.com\/fr\/wp-json\/wp\/v2\/media\/494609"}],"wp:attachment":[{"href":"https:\/\/www.europesays.com\/fr\/wp-json\/wp\/v2\/media?parent=494608"}],"wp:term":[{"taxonomy":"category","embeddable":true,"href":"https:\/\/www.europesays.com\/fr\/wp-json\/wp\/v2\/categories?post=494608"},{"taxonomy":"post_tag","embeddable":true,"href":"https:\/\/www.europesays.com\/fr\/wp-json\/wp\/v2\/tags?post=494608"}],"curies":[{"name":"wp","href":"https:\/\/api.w.org\/{rel}","templated":true}]}}