{"id":494630,"date":"2025-10-28T04:12:31","date_gmt":"2025-10-28T04:12:31","guid":{"rendered":"https:\/\/www.europesays.com\/fr\/494630\/"},"modified":"2025-10-28T04:12:31","modified_gmt":"2025-10-28T04:12:31","slug":"tour-de-france-2026-20-ans-que-la-course-ne-passe-plus-par-strasbourg-cet-opposant-pousse-un-coup-de-gueule-actu-fr","status":"publish","type":"post","link":"https:\/\/www.europesays.com\/fr\/494630\/","title":{"rendered":"Tour de France 2026. 20 ans que la course ne passe plus par Strasbourg : cet opposant pousse un coup de gueule &#8211; Actu.fr"},"content":{"rendered":"<ol>\n<li><a href=\"https:\/\/news.google.com\/rss\/articles\/CBMi9wFBVV95cUxNd3d1TEhFRm5Ibm9HV2xKNVlMN1d2c3REU1gwazVaaTJSeTBHcjJZM3FmSHZZTktZMVZXZ0d2VXVJZk1mRDVqcFlyVFNtaGd2bWhTdjdTY19yTkk5NkQyNGUtTmRERjlaTHNHamZWeWtWSlVvOXQwSDRjTlZQZjNqLTVkLXlDREZYRVJtLWpwNzZoQmtlbWRRenJXbGVKXzNialNQR19wMlRtVThKcEFqT1pzU1ZRZ0lHeUtucTJOYk9xWnBZZm5wRGFrOWdDLUdGTnI4amNTNjNJbDlER1pWTklhTzVpSVlzSGtsbThEU2ozMDVQNTJV?oc=5\" target=\"_blank\" rel=\"noopener\">Tour de France 2026. 20 ans que la course ne passe plus par Strasbourg : cet opposant pousse un coup de gueule<\/a>&nbsp;&nbsp;Actu.fr<\/li>\n<li><a href=\"https:\/\/news.google.com\/rss\/articles\/CBMi3gFBVV95cUxObzFIVmM1LW5ZQ19jRm9NV2V3Y29Xckw3RWI3RmVTN3RtU0xzOTlNMmM1d0dDT2pZRVF4TnhWZ1pxTUhMWEhTSWtUOXc0R042aWdkdjk1el9iVTFQbmlZMm9PVHpvZnlGemlnSmRmTWlBbVJKMEV3YlpnU1l1Qm9BZmVkdFF3MzEtSXVoN1o5ay0yWUZfVjJaTjNIOXVFNVZFM3doS0pfa0JjNnVmak1NeERUSHM5X0NLYS13eDd2OTExZTlCekdWSjlVMnhlQ01Sd1IzZ1lxMEZSWEtlVlE?oc=5\" target=\"_blank\" rel=\"noopener\">Tour de France : \u00ab\u00a0Une v\u00e9ritable honte !\u00a0\u00bb Pourquoi le parcours 2026 est la cible de violentes critiques<\/a>&nbsp;&nbsp;ladepeche.fr<\/li>\n<li><a href=\"https:\/\/news.google.com\/rss\/articles\/CBMi8wFBVV95cUxOQWtVcE9GQ2k2R2FKUFNNOVBzM0FHVmtNTWExVlFndnNRWW9IVGFHZV9iWFBQelVnUTFSLXc0VkxabklwdTlFelBhQ1g3NWtQTUgxM0EwVE5HV0RmSkVfc2tGVnZzbTk5STNhbFJzc1ZhRTQtRWR1WHZrUzhuT3Q5b3hSTU51QWJGZjNNSUY1Sm9TOUQtZ3V3VW1WOHVoSUNiNGh6MlpmR0JSNTI2T2ptck1hVlpBVXZZMTByMXQ4YlBjSklpUFZFbFg5Yk9QbUE1UFRFeWFTcWt1THZqcW9CUk5lQVp6cEZXQWJmRFN6NjYtRkU?oc=5\" target=\"_blank\" rel=\"noopener\">L&rsquo;invit\u00e9e de Bonjour Alsace du lundi 27 octobre 2025 &#8211; Annick Lutenbacher<\/a>&nbsp;&nbsp;BFMTV<\/li>\n<li><a href=\"https:\/\/news.google.com\/rss\/articles\/CBMikAFBVV95cUxOd0dOcUdsOXNpZUZCV2UzNktKcmY0LTJNTkt4c1VlUmpIN0xGdFItRTNHakZtazFacHN0dFhhbEVaWF84eXN3MGRqOGhyRE51ZWFhTm5XUmFnSld0bU1oTURBYnlVVkEyZTVERnQ1a0EzYkQzbnpWVU5ydHo5NkczeTRWU2V5NjNrSTV4cklleF8?oc=5\" target=\"_blank\" rel=\"noopener\">[LE BILLET] Jeux sans fronti\u00e8res<\/a>&nbsp;&nbsp;Charente Libre<\/li>\n<li><a href=\"https:\/\/news.google.com\/rss\/articles\/CBMi_wFBVV95cUxNT3lXVHhEMElqT2tJV3ExMGtRUWUwMVgzOEtZVGt3TklFU1JPNEpaT2lETWI2enc5VEVjc2QyTVV1VU5vMTBCSHFjRUdPQlljRGVha1ZVdGZaelRueWtPSVoyZFJ3cl9jbEN4YWNhOERNSEMtWGJyQXpwXzVRWU9nalhQY2FTbDVxanNpeWkyeUhzLU1WanBLSVhiLUtOZ1ZtQ3BDN2FtQktOSklkTUlpR2w3RGhBSGdnQ0V2OG02OGgyWTRvR01QcG5nSXhJYkg0bHpESUpfT3lmcG1rS1d5azFBTldfb3ZvdUVzZVh4LWZuS3BIX3ZqbHNPUGp2N1E?oc=5\" target=\"_blank\" rel=\"noopener\">Trac\u00e9, animations, fan zone et grand concert : que pr\u00e9voit la Corr\u00e8ze pour l&rsquo;\u00e9tape du Tour de France du 12 juillet 2026<\/a>&nbsp;&nbsp;La Montagne<\/li>\n<\/ol>\n","protected":false},"excerpt":{"rendered":"Tour de France 2026. 20 ans que la course ne passe plus par Strasbourg : cet opposant pousse&hellip;\n","protected":false},"author":2,"featured_media":494631,"comment_status":"","ping_status":"","sticky":false,"template":"","format":"standard","meta":{"footnotes":""},"categories":[1411],"tags":[1154,207,1011,27,104,60,210,602,208],"class_list":{"0":"post-494630","1":"post","2":"type-post","3":"status-publish","4":"format-standard","5":"has-post-thumbnail","7":"category-cyclisme","8":"tag-cycling","9":"tag-cyclisme","10":"tag-fr","11":"tag-france","12":"tag-societe","13":"tag-sports","14":"tag-tour-de-france","15":"tag-tourisme","16":"tag-velo"},"share_on_mastodon":{"url":"https:\/\/pubeurope.com\/@fr\/115449845686460622","error":""},"_links":{"self":[{"href":"https:\/\/www.europesays.com\/fr\/wp-json\/wp\/v2\/posts\/494630","targetHints":{"allow":["GET"]}}],"collection":[{"href":"https:\/\/www.europesays.com\/fr\/wp-json\/wp\/v2\/posts"}],"about":[{"href":"https:\/\/www.europesays.com\/fr\/wp-json\/wp\/v2\/types\/post"}],"author":[{"embeddable":true,"href":"https:\/\/www.europesays.com\/fr\/wp-json\/wp\/v2\/users\/2"}],"replies":[{"embeddable":true,"href":"https:\/\/www.europesays.com\/fr\/wp-json\/wp\/v2\/comments?post=494630"}],"version-history":[{"count":0,"href":"https:\/\/www.europesays.com\/fr\/wp-json\/wp\/v2\/posts\/494630\/revisions"}],"wp:featuredmedia":[{"embeddable":true,"href":"https:\/\/www.europesays.com\/fr\/wp-json\/wp\/v2\/media\/494631"}],"wp:attachment":[{"href":"https:\/\/www.europesays.com\/fr\/wp-json\/wp\/v2\/media?parent=494630"}],"wp:term":[{"taxonomy":"category","embeddable":true,"href":"https:\/\/www.europesays.com\/fr\/wp-json\/wp\/v2\/categories?post=494630"},{"taxonomy":"post_tag","embeddable":true,"href":"https:\/\/www.europesays.com\/fr\/wp-json\/wp\/v2\/tags?post=494630"}],"curies":[{"name":"wp","href":"https:\/\/api.w.org\/{rel}","templated":true}]}}