{"id":494640,"date":"2025-10-28T04:19:24","date_gmt":"2025-10-28T04:19:24","guid":{"rendered":"https:\/\/www.europesays.com\/fr\/494640\/"},"modified":"2025-10-28T04:19:24","modified_gmt":"2025-10-28T04:19:24","slug":"orelsan-annonce-un-nouvel-album-le-7-novembre-avec-beaucoup-dinvites-et-le-feat-de-ses-reves","status":"publish","type":"post","link":"https:\/\/www.europesays.com\/fr\/494640\/","title":{"rendered":"Orelsan annonce un nouvel album le 7 novembre avec beaucoup d&rsquo;invit\u00e9s et \u00ab\u00a0le feat de ses r\u00eaves\u00a0\u00bb"},"content":{"rendered":"<p class=\"article-p mdl\">\u00ab\u00a0Je sors un nouvel album. Voil\u00e0\u00a0\u00bb. Apr\u00e8s avoir annonc\u00e9 une tourn\u00e9e de 33 dates, le\u00a0cinqui\u00e8me opus du rappeur Orelsan arrive. Aur\u00e9lien Cotentin, de son vrai nom, a d\u00e9voil\u00e9 le nom et la date de sortie de son nouvel album ce lundi 27 octobre.\u00a0<\/p>\n<p class=\"article-p mdl\">Intitul\u00e9 La fuite en avant, il sortira le vendredi 7 novembre 2025.\u00a0<a class=\"link\" href=\"https:\/\/www.rtl.fr\/culture\/musique\/orelsan-annonce-une-tournee-en-2026-france-belgique-suisse-ce-qu-il-faut-savoir-sur-les-concerts-a-venir-7900546684\" rel=\"nofollow noopener\" target=\"_blank\">Deux mois avant le d\u00e9but de sa tourn\u00e9e, donc<\/a>. \u00ab\u00a0Beaucoup s&rsquo;en doutaient et ils avaient raison de s&rsquo;en douter parce que c&rsquo;est vrai\u00a0\u00bb, lance le natif de Caen dans une vid\u00e9o publi\u00e9e sur ses r\u00e9seaux sociaux.<\/p>\n<p class=\"article-p mdl\">Disponible en pr\u00e9commande d\u00e8s le mardi 28 octobre 2025 (18h), l&rsquo;album sera compos\u00e9 de 17 chansons. Mais attention, \u00ab\u00a0ce n&rsquo;est pas la B.O du film [Yoro\u00ef, NDLR], c&rsquo;est un vrai nouvel album\u00a0\u00bb, pr\u00e9cise Orelsan dans son annonce.\u00a0<\/p>\n<p class=\"article-p mdl\">Car le rappeur &#8211; qui donnera dix concerts \u00e0 l&rsquo;Accor Arena en 2026 &#8211; sort \u00e9galement le film Yoro\u00ef le mercredi 29 octobre 2025 dont il est coauteur et acteur principal.\u00a0<\/p>\n<p>            Des th\u00e9matiques li\u00e9es \u00e0 son film<\/p>\n<p class=\"article-p mdl\">Si La fuite en avant peut s&rsquo;\u00e9couter \u00ab\u00a0compl\u00e8tement sans avoir vu le film\u00a0\u00bb, assure le chanteur, il s&rsquo;inscrit malgr\u00e9 tout dans la continuit\u00e9 narrative de Yoro\u00ef. \u00ab\u00a0Si tu as vu le film, c&rsquo;est cool parce que m\u00eame si ce n&rsquo;est pas la B.O., il y a compl\u00e8tement un lien avec Yoro\u00ef\u00a0\u00bb, insiste l&rsquo;auteur de Basique.\u00a0<\/p>\n<p class=\"article-p mdl\">Faut-il voir dans ce message un clin d&rsquo;\u0153il \u00e0 destination de ses fans pour les inciter \u00e0 se ruer dans les salles obscures d\u00e8s la sortie de son film ? Car avec Orelsan, rien n&rsquo;est laiss\u00e9 au hasard. Preuve en est : l&rsquo;artiste pose sur la pochette de son disque dans la m\u00eame armure que dans son film&#8230; Pas de hasard&#8230;\u00a0<\/p>\n<p>            \u00ab\u00a0Le feat de mes r\u00eaves\u00a0\u00bb<\/p>\n<p class=\"article-p mdl\">Produit aux c\u00f4t\u00e9s de ses fid\u00e8les &#8211; Skread, Phazz et Eddie Purple &#8211; le nouvel album sera donc compos\u00e9 de 17 titres dont cinq collaborations majeures : Lilas Ikuta (Ikura), chanteuse du duo japonais Yoasobi, Yam\u00ea, le groupe de K-pop Fifty-Fifty, le rappeur SDM, et Thomas Bangalter, moiti\u00e9 de Daft Punk, avec lequel il signe \u00ab\u00a0le feat de (ses) r\u00eaves\u00a0\u00bb.\u00a0<\/p>\n<p>            \u00ab\u00a0Le Pacte\u00a0\u00bb, \u00ab\u00a0Plus rien\u00a0\u00bb, \u00ab\u00a0Ailleurs\u00a0\u00bb&#8230;<\/p>\n<p class=\"article-p mdl\">Si aucun morceau n&rsquo;a encore fuit\u00e9, nous pouvons d\u00e9j\u00e0 vous d\u00e9voiler le nom des titres qui figureront dans La fuite en avant. L&rsquo;album ouvrira avec Le Pacte, puis Plus rien (avec Lilas Ikura), et Ailleurs. Suivront Boss, Deux et demi, Osaka, Encore une fois (avec Yam\u00ea), Internet, Dans quelques mois, Oulalalala (avec Fifty-Fifty), Tellement d&rsquo;amis, La petite voix, Sama, Soleil levant (avec SDM), Les Monstres, \u00c9piphanie et enfin Yoro\u00ef (avec Thomas Bangalter).\u00a0<\/p>\n<p>Autant de nouveaux sons qui devraient figurer dans sa prochaine tourn\u00e9e, qui doit d\u00e9buter dans sa ville de Caen en janvier 2026.\u00a0<\/p>\n<p>    La r\u00e9daction vous recommande<\/p>\n<p class=\"s-newsletter__title\">\n                L\u2019actualit\u00e9 par la r\u00e9daction de RTL dans votre bo\u00eete mail.\n            <\/p>\n<p class=\"s-newsletter__subtitle\">\n                Gr\u00e2ce \u00e0 votre compte RTL abonnez-vous \u00e0 la newsletter RTL info pour suivre toute l&rsquo;actualit\u00e9 au quotidien\n            <\/p>\n<p>\n                                    Lire la suite\n                                <\/p>\n","protected":false},"excerpt":{"rendered":"\u00ab\u00a0Je sors un nouvel album. Voil\u00e0\u00a0\u00bb. Apr\u00e8s avoir annonc\u00e9 une tourn\u00e9e de 33 dates, le\u00a0cinqui\u00e8me opus du rappeur&hellip;\n","protected":false},"author":2,"featured_media":494641,"comment_status":"","ping_status":"","sticky":false,"template":"","format":"standard","meta":{"footnotes":""},"categories":[1355],"tags":[1692,58,59,107,1011,27,1361,873,21953],"class_list":{"0":"post-494640","1":"post","2":"type-post","3":"status-publish","4":"format-standard","5":"has-post-thumbnail","7":"category-musique","8":"tag-album","9":"tag-divertissement","10":"tag-entertainment","11":"tag-fil-info","12":"tag-fr","13":"tag-france","14":"tag-music","15":"tag-musique","16":"tag-orelsan"},"share_on_mastodon":{"url":"https:\/\/pubeurope.com\/@fr\/115449873287743078","error":""},"_links":{"self":[{"href":"https:\/\/www.europesays.com\/fr\/wp-json\/wp\/v2\/posts\/494640","targetHints":{"allow":["GET"]}}],"collection":[{"href":"https:\/\/www.europesays.com\/fr\/wp-json\/wp\/v2\/posts"}],"about":[{"href":"https:\/\/www.europesays.com\/fr\/wp-json\/wp\/v2\/types\/post"}],"author":[{"embeddable":true,"href":"https:\/\/www.europesays.com\/fr\/wp-json\/wp\/v2\/users\/2"}],"replies":[{"embeddable":true,"href":"https:\/\/www.europesays.com\/fr\/wp-json\/wp\/v2\/comments?post=494640"}],"version-history":[{"count":0,"href":"https:\/\/www.europesays.com\/fr\/wp-json\/wp\/v2\/posts\/494640\/revisions"}],"wp:featuredmedia":[{"embeddable":true,"href":"https:\/\/www.europesays.com\/fr\/wp-json\/wp\/v2\/media\/494641"}],"wp:attachment":[{"href":"https:\/\/www.europesays.com\/fr\/wp-json\/wp\/v2\/media?parent=494640"}],"wp:term":[{"taxonomy":"category","embeddable":true,"href":"https:\/\/www.europesays.com\/fr\/wp-json\/wp\/v2\/categories?post=494640"},{"taxonomy":"post_tag","embeddable":true,"href":"https:\/\/www.europesays.com\/fr\/wp-json\/wp\/v2\/tags?post=494640"}],"curies":[{"name":"wp","href":"https:\/\/api.w.org\/{rel}","templated":true}]}}