{"id":494661,"date":"2025-10-28T04:34:34","date_gmt":"2025-10-28T04:34:34","guid":{"rendered":"https:\/\/www.europesays.com\/fr\/494661\/"},"modified":"2025-10-28T04:34:34","modified_gmt":"2025-10-28T04:34:34","slug":"meurthe-et-moselle-comment-leconomie-sest-reinventee-sur-le-site-des-anciennes-carrieres-solvay-du-grand-nancy","status":"publish","type":"post","link":"https:\/\/www.europesays.com\/fr\/494661\/","title":{"rendered":"Meurthe-et-Moselle. Comment l\u2019\u00e9conomie s\u2019est r\u00e9invent\u00e9e sur le site des anciennes carri\u00e8res Solvay du Grand Nancy"},"content":{"rendered":"<p>Pour nous recevoir, Christophe Choserot n\u2019a pas choisi son bureau mais la salle de r\u00e9union\u2026 \u00ab\u00a0Vous allez comprendre\u2026\u00a0\u00bb l\u00e2che le maire de Max\u00e9ville en se dirigeant vers ladite salle. Effectivement, on a vite compris. Sur un des murs de cette grande salle, une vue a\u00e9rienne en noir et blanc de tout Max\u00e9ville s\u2019affiche en grand. Au nord de la ville, plusieurs zones se d\u00e9tachent au-dessus de l\u2019A31\u2026<\/p>\n<p>\u00ab\u00a0Un cr\u00e8ve-c\u0153ur de voir l\u2019industrie partir\u00a0\u00bb<\/p>\n<p>Il y a une quarantaine d\u2019ann\u00e9es, on y trouvait les&#8230;<\/p>\n","protected":false},"excerpt":{"rendered":"Pour nous recevoir, Christophe Choserot n\u2019a pas choisi son bureau mais la salle de r\u00e9union\u2026 \u00ab\u00a0Vous allez comprendre\u2026\u00a0\u00bb&hellip;\n","protected":false},"author":2,"featured_media":494662,"comment_status":"","ping_status":"","sticky":false,"template":"","format":"standard","meta":{"footnotes":""},"categories":[9635],"tags":[1111,11,646,4749,4406,33,1704,1777,674,1011,27,775,1116,693,5015,10061,10262,3457,1702,12,25,216],"class_list":{"0":"post-494661","1":"post","2":"type-post","3":"status-publish","4":"format-standard","5":"has-post-thumbnail","7":"category-nancy","8":"tag-actu","9":"tag-actualites","10":"tag-automobile","11":"tag-btp-et-chantiers","12":"tag-commerce-et-services","13":"tag-economie","14":"tag-edition-nancy-et-agglomeration","15":"tag-eu","16":"tag-europe","17":"tag-fr","18":"tag-france","19":"tag-grand-est","20":"tag-immobilier","21":"tag-industrie","22":"tag-innovation-et-start-up","23":"tag-maxeville","24":"tag-metropole-du-grand-nancy-54b5","25":"tag-meurthe-et-moselle","26":"tag-nancy","27":"tag-news","28":"tag-republique-francaise","29":"tag-vie-des-entreprises"},"share_on_mastodon":{"url":"https:\/\/pubeurope.com\/@fr\/115449932218331131","error":""},"_links":{"self":[{"href":"https:\/\/www.europesays.com\/fr\/wp-json\/wp\/v2\/posts\/494661","targetHints":{"allow":["GET"]}}],"collection":[{"href":"https:\/\/www.europesays.com\/fr\/wp-json\/wp\/v2\/posts"}],"about":[{"href":"https:\/\/www.europesays.com\/fr\/wp-json\/wp\/v2\/types\/post"}],"author":[{"embeddable":true,"href":"https:\/\/www.europesays.com\/fr\/wp-json\/wp\/v2\/users\/2"}],"replies":[{"embeddable":true,"href":"https:\/\/www.europesays.com\/fr\/wp-json\/wp\/v2\/comments?post=494661"}],"version-history":[{"count":0,"href":"https:\/\/www.europesays.com\/fr\/wp-json\/wp\/v2\/posts\/494661\/revisions"}],"wp:featuredmedia":[{"embeddable":true,"href":"https:\/\/www.europesays.com\/fr\/wp-json\/wp\/v2\/media\/494662"}],"wp:attachment":[{"href":"https:\/\/www.europesays.com\/fr\/wp-json\/wp\/v2\/media?parent=494661"}],"wp:term":[{"taxonomy":"category","embeddable":true,"href":"https:\/\/www.europesays.com\/fr\/wp-json\/wp\/v2\/categories?post=494661"},{"taxonomy":"post_tag","embeddable":true,"href":"https:\/\/www.europesays.com\/fr\/wp-json\/wp\/v2\/tags?post=494661"}],"curies":[{"name":"wp","href":"https:\/\/api.w.org\/{rel}","templated":true}]}}