{"id":494671,"date":"2025-10-28T04:41:10","date_gmt":"2025-10-28T04:41:10","guid":{"rendered":"https:\/\/www.europesays.com\/fr\/494671\/"},"modified":"2025-10-28T04:41:10","modified_gmt":"2025-10-28T04:41:10","slug":"une-mercedes-incontrolable-seme-la-panique-dans-un-cortege-de-mariage","status":"publish","type":"post","link":"https:\/\/www.europesays.com\/fr\/494671\/","title":{"rendered":"une Mercedes incontr\u00f4lable s\u00e8me la panique dans un cort\u00e8ge de mariage"},"content":{"rendered":"<p>            Par<br \/>\n        <strong><br \/>\n            <a href=\"https:\/\/actu.fr\/auteur\/lea-pippinato\" title=\"Consulter tous les articles de L\u00e9a Pippinato\" target=\"_blank\" rel=\"noopener\">L\u00e9a Pippinato<\/a><br \/>\n        <\/strong><\/p>\n<p>        Publi\u00e9 le<\/p>\n<p>            28 oct. 2025 \u00e0 5h08        <\/p>\n<p><strong>Ce dimanche 26 octobre 2025<\/strong>, peu avant 15h, la police nationale re\u00e7oit un signalement pour un cort\u00e8ge de mariage particuli\u00e8rement agit\u00e9 circulant sur l\u2019avenue de Maurin, \u00e0 Montpellier. Plusieurs v\u00e9hicules sont rep\u00e9r\u00e9s pour des infractions au code de la route. Gr\u00e2ce au centre de supervision urbaine (CSU), les agents suivent la progression du cort\u00e8ge jusqu\u2019au quartier des Pr\u00e9s d\u2019Ar\u00e8nes.<\/p>\n<p>    <a href=\"https:\/\/www.google.com\/maps\/embed?pb=!1m18!1m12!1m3!1d2889.764962376904!2d3.870760076458999!3d43.59061177110516!2m3!1f0!2f0!3f0!3m2!1i1024!2i768!4f13.1!3m3!1m2!1s0x12b6afc83ac7eca3%3A0x4b8cb69a53ea1179!2sAv.%20de%20Maurin%2C%20Montpellier!5e0!3m2!1sen!2sfr!4v1761593463561!5m2!1sen!2sfr\" title=\"Ouvrie le lien\" target=\"_blank\" rel=\"noopener\">Cliquez ici pour visualiser le contenu<\/a><\/p>\n<p class=\" wall-content\">Parmi les voitures, une Mercedes avec un toit ouvrant attire l\u2019attention. Elle ouvre le cort\u00e8ge et devient rapidement le principal fauteur de troubles.<\/p>\n<p>Des man\u0153uvres dangereuses en pleine ville<\/p>\n<p class=\" wall-content\">Le conducteur multiplie les infractions. Il franchit les lignes continues, freine brusquement, se place face aux voitures arrivant en sens inverse pour les obliger \u00e0 s\u2019arr\u00eater. Il fait des embard\u00e9es pour forcer les automobilistes \u00e0 se ranger et dirige le cort\u00e8ge comme un agent improvis\u00e9 de la circulation. Les images de vid\u00e9osurveillance montrent un comportement dangereux, proche du rod\u00e9o urbain.<\/p>\n<p class=\" wall-content\">Le cort\u00e8ge finit sa route vers la mairie de Montpellier. Ce jour-l\u00e0, la police municipale est d\u00e9j\u00e0 mobilis\u00e9e pour s\u00e9curiser le Crit\u00e9rium des C\u00e9vennes. Les agents remarquent la Mercedes et proc\u00e8dent aussit\u00f4t \u00e0 un contr\u00f4le. Quatre personnes se trouvent \u00e0 bord. Le conducteur, un jeune homme de 24 ans domicili\u00e9 \u00e0 Paulan, est interpell\u00e9 et plac\u00e9 en garde \u00e0 vue. Lors de son audition, le conducteur explique qu\u2019il se rendait \u00e0 un mariage et reconna\u00eet les faits reproch\u00e9s. Le v\u00e9hicule qu\u2019il conduisait ne lui appartenait pas : il s\u2019agissait d\u2019une voiture de location pr\u00eat\u00e9e par un ami.\u00a0<\/p>\n<p>Vid\u00e9os : en ce moment sur Actu<\/p>\n<p class=\" wall-content\">Le conducteur va \u00eatre d\u00e9f\u00e9r\u00e9 devant le parquet de Montpellier <strong>ce mardi 28 octobre<\/strong> dans la matin\u00e9e. Il doit r\u00e9pondre de faits de conduite d\u2019un v\u00e9hicule terrestre compromettant la s\u00e9curit\u00e9 des usagers ou la tranquillit\u00e9 publique. Il est \u00e9galement retenu une violation d\u00e9lib\u00e9r\u00e9e de la r\u00e9glementation routi\u00e8re. Une comparution sur reconnaissance pr\u00e9alable de culpabilit\u00e9 (CRPC) lui sera notifi\u00e9e.<\/p>\n<p class=\" wall-content\">Personnalisez votre actualit\u00e9 en ajoutant vos villes et m\u00e9dias en favori avec <a href=\"https:\/\/moncompte.actu.fr\" title=\"D\u00e9couvez Mon Actu\" rel=\"nofollow noopener\" data-trk=\"{&quot;cta&quot;:{&quot;action&quot;:&quot;https:\\\/\\\/moncompte.actu.fr&quot;,&quot;category&quot;:&quot;mon compte&quot;,&quot;from&quot;:&quot;article footer&quot;,&quot;name&quot;:&quot;Mon actu&quot;,&quot;type&quot;:&quot;cta&quot;}}\" target=\"_blank\">Mon Actu<\/a>.<\/p>\n","protected":false},"excerpt":{"rendered":"Par L\u00e9a Pippinato Publi\u00e9 le 28 oct. 2025 \u00e0 5h08 Ce dimanche 26 octobre 2025, peu avant 15h,&hellip;\n","protected":false},"author":2,"featured_media":494672,"comment_status":"","ping_status":"","sticky":false,"template":"","format":"standard","meta":{"footnotes":""},"categories":[9599],"tags":[1111,11,1777,674,118,1011,27,2208,12,2680,1072,25,5575,5009],"class_list":{"0":"post-494671","1":"post","2":"type-post","3":"status-publish","4":"format-standard","5":"has-post-thumbnail","7":"category-montpellier","8":"tag-actu","9":"tag-actualites","10":"tag-eu","11":"tag-europe","12":"tag-faits-divers","13":"tag-fr","14":"tag-france","15":"tag-montpellier","16":"tag-news","17":"tag-occitanie","18":"tag-police","19":"tag-republique-francaise","20":"tag-rodeos-urbains","21":"tag-securite-routiere"},"share_on_mastodon":{"url":"https:\/\/pubeurope.com\/@fr\/115449959754109777","error":""},"_links":{"self":[{"href":"https:\/\/www.europesays.com\/fr\/wp-json\/wp\/v2\/posts\/494671","targetHints":{"allow":["GET"]}}],"collection":[{"href":"https:\/\/www.europesays.com\/fr\/wp-json\/wp\/v2\/posts"}],"about":[{"href":"https:\/\/www.europesays.com\/fr\/wp-json\/wp\/v2\/types\/post"}],"author":[{"embeddable":true,"href":"https:\/\/www.europesays.com\/fr\/wp-json\/wp\/v2\/users\/2"}],"replies":[{"embeddable":true,"href":"https:\/\/www.europesays.com\/fr\/wp-json\/wp\/v2\/comments?post=494671"}],"version-history":[{"count":0,"href":"https:\/\/www.europesays.com\/fr\/wp-json\/wp\/v2\/posts\/494671\/revisions"}],"wp:featuredmedia":[{"embeddable":true,"href":"https:\/\/www.europesays.com\/fr\/wp-json\/wp\/v2\/media\/494672"}],"wp:attachment":[{"href":"https:\/\/www.europesays.com\/fr\/wp-json\/wp\/v2\/media?parent=494671"}],"wp:term":[{"taxonomy":"category","embeddable":true,"href":"https:\/\/www.europesays.com\/fr\/wp-json\/wp\/v2\/categories?post=494671"},{"taxonomy":"post_tag","embeddable":true,"href":"https:\/\/www.europesays.com\/fr\/wp-json\/wp\/v2\/tags?post=494671"}],"curies":[{"name":"wp","href":"https:\/\/api.w.org\/{rel}","templated":true}]}}