{"id":494677,"date":"2025-10-28T04:46:44","date_gmt":"2025-10-28T04:46:44","guid":{"rendered":"https:\/\/www.europesays.com\/fr\/494677\/"},"modified":"2025-10-28T04:46:44","modified_gmt":"2025-10-28T04:46:44","slug":"il-faut-sauver-nos-petits-commerces-en-bretagne-ce-maire-veut-empecher-les-grandes-surfaces-douvrir-le-dimanche","status":"publish","type":"post","link":"https:\/\/www.europesays.com\/fr\/494677\/","title":{"rendered":"\u00ab\u00a0Il faut sauver nos petits commerces\u00a0\u00bb\u00a0: en Bretagne, ce maire veut emp\u00eacher les grandes surfaces d\u2019ouvrir le dimanche"},"content":{"rendered":"<p>\u00c0 Janz\u00e9, au sud de Rennes, les \u00e9lus n\u2019appr\u00e9cient pas vraiment de voir les grandes enseignes ouvrir le dimanche. R\u00e9unis en conseil municipal, mercredi 8 octobre, ces derniers ont vot\u00e9 \u00e0 l\u2019unanimit\u00e9 une motion de soutien aux petits commer\u00e7ants et aux salari\u00e9s de la grande distribution.<\/p>\n<p>Cette initiative est une r\u00e9ponse directe \u00e0 la d\u00e9cision du magasin Lidl de Janz\u00e9 d\u2018ouvrir ses portes le dimanche. Une mesure, li\u00e9e \u00e0 une directive nationale, qui avait d\u00e9j\u00e0 provoqu\u00e9 <a href=\"https:\/\/www.letelegramme.fr\/ille-et-vilaine\/un-enorme-ras-le-bol-en-ille-et-vilaine-des-salaries-de-lidl-demarrent-une-greve-illimitee-6755945.php\" target=\"_blank\" rel=\"nofollow noopener\">un grand mouvement de contestation<\/a> chez les salari\u00e9s du groupe en Bretagne.<\/p>\n<p>Lien social<\/p>\n<p>\u00ab Depuis que Lidl ouvre le dimanche, le chiffre d\u2019affaires des commer\u00e7ants de notre centre-ville a baiss\u00e9 \u00bb, d\u00e9plore Hubert Paris, le maire de Janz\u00e9. \u00ab C\u2019est inqui\u00e9tant. On a la chance d\u2019avoir un bourg assez dynamique avec par exemple une petite \u00e9picerie qui assure un service pour personnes \u00e2g\u00e9es. C\u2019est le r\u00f4le social de nos petits commerces qui est menac\u00e9. Il faut les sauver \u00bb.<\/p>\n<p>Ce n\u2019est pas la premi\u00e8re fois que l\u2019\u00e9dile se pose en fer de lance de ce combat. En 2022, il \u00e9tait parvenu, apr\u00e8s d\u2019\u00e2pres n\u00e9gociations, \u00e0 maintenir la fermeture dominicale du supermarch\u00e9 Aldi. \u00ab Les enseignes disent que le travail du dimanche s\u2019effectue sur la base du volontariat mais on sait que \u00e7a met une forme de pression aux salari\u00e9s \u00bb.<\/p>\n<p>Port\u00e9e symbolique<\/p>\n<p>Conscient des limites de son action, Hubert Paris sait que la motion vot\u00e9e a surtout une port\u00e9e symbolique. Les d\u00e9rogations au repos dominical \u00e9tant majoritairement accord\u00e9es au niveau national. \u00ab Je trouve \u00e7a triste d\u2019\u00eatre aussi d\u00e9muni en tant qu\u2019\u00e9lu local \u00bb, d\u00e9plore-t-il. \u00ab J\u2019aimerais qu\u2019on nous \u00e9coute un peu plus quand \u00e7a touche \u00e0 la vie de notre commune. On sait juste nous trouver quand il y a des probl\u00e8mes comment pendant le Covid \u00bb.<\/p>\n<p><img decoding=\"async\" src=\"https:\/\/www.europesays.com\/fr\/wp-content\/uploads\/2025\/10\/68fb8588e07b8d0dbc09cb6e.1.jpeg\" width=\"480\" height=\"300\" class=\"web_golden_m\" loading=\"lazy\" alt=\"Le maire de Janz\u00e9 a r\u00e9cemment rencontr\u00e9 les commer\u00e7ants du centre-ville pour \u00e9changer sur leurs difficult\u00e9s.\"\/>Le maire de Janz\u00e9 a r\u00e9cemment rencontr\u00e9 les commer\u00e7ants du centre-ville pour \u00e9changer sur leurs difficult\u00e9s. (Photo transmise au T\u00e9l\u00e9gramme)<\/p>\n<p>L\u2019\u00e9lu en appelle aussi \u00e0 une prise de conscience collective. \u00ab Je suis peut-\u00eatre na\u00eff, mais pour moi l\u2019id\u00e9al serait que les gens ne fr\u00e9quentent pas les grandes surfaces le dimanche matin. C\u2019est aussi la responsabilit\u00e9 de chacun \u00bb.<\/p>\n","protected":false},"excerpt":{"rendered":"\u00c0 Janz\u00e9, au sud de Rennes, les \u00e9lus n\u2019appr\u00e9cient pas vraiment de voir les grandes enseignes ouvrir le&hellip;\n","protected":false},"author":2,"featured_media":494678,"comment_status":"","ping_status":"","sticky":false,"template":"","format":"standard","meta":{"footnotes":""},"categories":[2821],"tags":[1111,11,829,2033,1777,674,1011,27,848,12,584,25],"class_list":{"0":"post-494677","1":"post","2":"type-post","3":"status-publish","4":"format-standard","5":"has-post-thumbnail","7":"category-rennes","8":"tag-actu","9":"tag-actualites","10":"tag-bretagne","11":"tag-commerces-a-rennes","12":"tag-eu","13":"tag-europe","14":"tag-fr","15":"tag-france","16":"tag-ille-et-vilaine","17":"tag-news","18":"tag-rennes","19":"tag-republique-francaise"},"share_on_mastodon":{"url":"https:\/\/pubeurope.com\/@fr\/115449980293309167","error":""},"_links":{"self":[{"href":"https:\/\/www.europesays.com\/fr\/wp-json\/wp\/v2\/posts\/494677","targetHints":{"allow":["GET"]}}],"collection":[{"href":"https:\/\/www.europesays.com\/fr\/wp-json\/wp\/v2\/posts"}],"about":[{"href":"https:\/\/www.europesays.com\/fr\/wp-json\/wp\/v2\/types\/post"}],"author":[{"embeddable":true,"href":"https:\/\/www.europesays.com\/fr\/wp-json\/wp\/v2\/users\/2"}],"replies":[{"embeddable":true,"href":"https:\/\/www.europesays.com\/fr\/wp-json\/wp\/v2\/comments?post=494677"}],"version-history":[{"count":0,"href":"https:\/\/www.europesays.com\/fr\/wp-json\/wp\/v2\/posts\/494677\/revisions"}],"wp:featuredmedia":[{"embeddable":true,"href":"https:\/\/www.europesays.com\/fr\/wp-json\/wp\/v2\/media\/494678"}],"wp:attachment":[{"href":"https:\/\/www.europesays.com\/fr\/wp-json\/wp\/v2\/media?parent=494677"}],"wp:term":[{"taxonomy":"category","embeddable":true,"href":"https:\/\/www.europesays.com\/fr\/wp-json\/wp\/v2\/categories?post=494677"},{"taxonomy":"post_tag","embeddable":true,"href":"https:\/\/www.europesays.com\/fr\/wp-json\/wp\/v2\/tags?post=494677"}],"curies":[{"name":"wp","href":"https:\/\/api.w.org\/{rel}","templated":true}]}}