{"id":494688,"date":"2025-10-28T04:52:25","date_gmt":"2025-10-28T04:52:25","guid":{"rendered":"https:\/\/www.europesays.com\/fr\/494688\/"},"modified":"2025-10-28T04:52:25","modified_gmt":"2025-10-28T04:52:25","slug":"les-serrures-avaient-ete-changees-son-proprietaire-la-croit-morte-et-vend","status":"publish","type":"post","link":"https:\/\/www.europesays.com\/fr\/494688\/","title":{"rendered":"\u00ab\u00a0Les serrures avaient \u00e9t\u00e9 chang\u00e9es\u00a0\u00bb\u00a0: son propri\u00e9taire la croit morte et vend"},"content":{"rendered":"<p>Le propri\u00e9taire d\u2019un appartement du XVIe\u00a0arrondissement de Paris a obtenu de la justice la r\u00e9siliation du bail qui le liait \u00e0 sa locataire. N\u2019ayant plus de nouvelles de cette derni\u00e8re, l\u2019homme \u00e9tait convaincu qu\u2019elle \u00e9tait d\u00e9c\u00e9d\u00e9e pendant le Covid-19. Mais <a href=\"https:\/\/immobilier.lefigaro.fr\/louer\/actualites-de-la-location\/3284-locataire-morte\/\" target=\"_blank\" rel=\"nofollow noopener\">comme le raconte Le Figaro Immobilier <\/a>, dimanche 26\u00a0octobre 2025, l\u2019habitante, finalement bien vivante, a refait surface l\u2019ann\u00e9e suivante et a d\u00e9couvert que le logement \u00e9tait occup\u00e9 par quelqu\u2019un d\u2019autre.<\/p>\n<p>Le propri\u00e9taire avait acquis l\u2019appartement en\u00a02014. Tout s\u2019est pass\u00e9 normalement jusqu\u2019\u00e0 la pand\u00e9mie, p\u00e9riode durant laquelle la locataire a disparu des radars, expliquent nos confr\u00e8res. Aucun appel, aucun mail et aucune pr\u00e9sence dans l\u2019immeuble pendant pr\u00e8s de deux ans. Probl\u00e8me\u00a0: le propri\u00e9taire souhaitait vendre le bien et ne pouvait donc pas organiser de visites.<\/p>\n<p>Des loyers toujours vers\u00e9s<\/p>\n<p>Persuad\u00e9 qu\u2019elle \u00e9tait d\u00e9c\u00e9d\u00e9e, il a fini par saisir la justice. Seul \u00e9l\u00e9ment troublant\u00a0: les loyers continuaient d\u2019\u00eatre vers\u00e9s chaque mois, pr\u00e9cise Le Figaro. Aucun contact n\u2019ayant \u00e9t\u00e9 possible malgr\u00e9 les passages r\u00e9p\u00e9t\u00e9s d\u2019un commissaire de justice, le juge a consid\u00e9r\u00e9 que la locataire refusait, de fait, toute visite du logement et qu\u2019il s\u2019agissait d\u2019un manquement grave au contrat de bail. La r\u00e9siliation a donc \u00e9t\u00e9 prononc\u00e9e.<\/p>\n<p>Deux mois apr\u00e8s la signification du jugement, le propri\u00e9taire a fait changer les serrures et a vendu l\u2019appartement. Mais l\u2019affaire a pris une tournure inattendue en\u00a02023. L\u2019avocat du propri\u00e9taire a \u00e9t\u00e9 contact\u00e9 par celle de la locataire, expliquant qu\u2019elle souhaitait r\u00e9cup\u00e9rer son logement. Elle <strong>\u00ab\u00a0aurait essay\u00e9 de retourner chez elle et, \u00e0 son retour, constat\u00e9 que les serrures avaient \u00e9t\u00e9 chang\u00e9es et que le logement \u00e9tait d\u00e9sormais occup\u00e9\u00a0\u00bb,<\/strong> a-t-il expliqu\u00e9.<\/p>\n<p>Partie vivre \u00e0 Nantes (Loire-Atlantique) pendant le Covid, elle assurait \u00eatre rest\u00e9e en t\u00e9l\u00e9travail et voulait simplement garder son appartement parisien comme pied-\u00e0-terre, d\u00e9taille le quotidien. Revenue trop tard, elle a fait les frais de son silence prolong\u00e9, qui lui aura co\u00fbt\u00e9 d\u00e9finitivement son logement.<\/p>\n<p>\u00a0<\/p>\n","protected":false},"excerpt":{"rendered":"Le propri\u00e9taire d\u2019un appartement du XVIe\u00a0arrondissement de Paris a obtenu de la justice la r\u00e9siliation du bail qui&hellip;\n","protected":false},"author":2,"featured_media":494689,"comment_status":"","ping_status":"","sticky":false,"template":"","format":"standard","meta":{"footnotes":""},"categories":[2818],"tags":[1111,11,9071,61730,16071,2883,1777,674,1011,27,14836,766,12,2636,8297,25,61729,9034],"class_list":{"0":"post-494688","1":"post","2":"type-post","3":"status-publish","4":"format-standard","5":"has-post-thumbnail","7":"category-nantes","8":"tag-actu","9":"tag-actualites","10":"tag-appartement","11":"tag-changees","12":"tag-croit","13":"tag-ete","14":"tag-eu","15":"tag-europe","16":"tag-fr","17":"tag-france","18":"tag-morte","19":"tag-nantes","20":"tag-news","21":"tag-pays-de-la-loire","22":"tag-proprietaire","23":"tag-republique-francaise","24":"tag-serrures","25":"tag-vend"},"share_on_mastodon":{"url":"https:\/\/pubeurope.com\/@fr\/115450003088576488","error":""},"_links":{"self":[{"href":"https:\/\/www.europesays.com\/fr\/wp-json\/wp\/v2\/posts\/494688","targetHints":{"allow":["GET"]}}],"collection":[{"href":"https:\/\/www.europesays.com\/fr\/wp-json\/wp\/v2\/posts"}],"about":[{"href":"https:\/\/www.europesays.com\/fr\/wp-json\/wp\/v2\/types\/post"}],"author":[{"embeddable":true,"href":"https:\/\/www.europesays.com\/fr\/wp-json\/wp\/v2\/users\/2"}],"replies":[{"embeddable":true,"href":"https:\/\/www.europesays.com\/fr\/wp-json\/wp\/v2\/comments?post=494688"}],"version-history":[{"count":0,"href":"https:\/\/www.europesays.com\/fr\/wp-json\/wp\/v2\/posts\/494688\/revisions"}],"wp:featuredmedia":[{"embeddable":true,"href":"https:\/\/www.europesays.com\/fr\/wp-json\/wp\/v2\/media\/494689"}],"wp:attachment":[{"href":"https:\/\/www.europesays.com\/fr\/wp-json\/wp\/v2\/media?parent=494688"}],"wp:term":[{"taxonomy":"category","embeddable":true,"href":"https:\/\/www.europesays.com\/fr\/wp-json\/wp\/v2\/categories?post=494688"},{"taxonomy":"post_tag","embeddable":true,"href":"https:\/\/www.europesays.com\/fr\/wp-json\/wp\/v2\/tags?post=494688"}],"curies":[{"name":"wp","href":"https:\/\/api.w.org\/{rel}","templated":true}]}}