{"id":494704,"date":"2025-10-28T05:01:18","date_gmt":"2025-10-28T05:01:18","guid":{"rendered":"https:\/\/www.europesays.com\/fr\/494704\/"},"modified":"2025-10-28T05:01:18","modified_gmt":"2025-10-28T05:01:18","slug":"previsions-du-mardi-28-octobre-2025-9","status":"publish","type":"post","link":"https:\/\/www.europesays.com\/fr\/494704\/","title":{"rendered":"pr\u00e9visions du mardi 28 octobre 2025"},"content":{"rendered":"<p>Le soleil sera dominant, la garantie d&rsquo;une magnifique journ\u00e9e \u00e0 Marseille ! Il va faire 17\u00b0C en moyenne. La ville sera touch\u00e9e par un vent de nord-ouest de 26 km\/h. Le matin, les valeurs seront comprises entre 14 et 18\u00b0C. Les temp\u00e9ratures s&rsquo;\u00e9chelonneront entre 18 et 19\u00b0C l&rsquo;apr\u00e8s-midi. Des \u00e9claircies feront leur apparition dans la soir\u00e9e. Les valeurs avoisineront les 17\u00b0C. Le ciel sera clair dans la nuit de mardi \u00e0 mercredi.<\/p>\n<p>Demain, Marseille aura des temp\u00e9ratures autour de 17\u00b0C. Un vent de sud-est, atteignant 24 km\/h, soufflera. Toujours de la grisaille le matin. Les nuages vont stationner. Des pluies \u00e9parses vont tomber. Les valeurs s&rsquo;\u00e9chelonneront de 15 \u00e0 18\u00b0C. Des averses sont \u00e0 pr\u00e9voir demain apr\u00e8s-midi. La ville se retrouvera de temps en temps sous la pluie. Les temp\u00e9ratures seront de 16\u00b0C au minimum et de 18\u00b0C au maximum. Le temps sera mitig\u00e9 dans la soir\u00e9e avec de l\u00e9g\u00e8res averses. Les temp\u00e9ratures seront de 16\u00b0C.<\/p>\n<p>Des changements sont annonc\u00e9s les prochains jours. Jeudi, le temps sera nuageux tandis qu&rsquo;une d\u00e9gradation est attendue vendredi.<\/p>\n<p><\/p>\n","protected":false},"excerpt":{"rendered":"Le soleil sera dominant, la garantie d&rsquo;une magnifique journ\u00e9e \u00e0 Marseille ! Il va faire 17\u00b0C en moyenne.&hellip;\n","protected":false},"author":2,"featured_media":494705,"comment_status":"","ping_status":"","sticky":false,"template":"","format":"standard","meta":{"footnotes":""},"categories":[2814],"tags":[1111,11,1777,674,1011,27,884,12,2119,882,25],"class_list":{"0":"post-494704","1":"post","2":"type-post","3":"status-publish","4":"format-standard","5":"has-post-thumbnail","7":"category-marseille","8":"tag-actu","9":"tag-actualites","10":"tag-eu","11":"tag-europe","12":"tag-fr","13":"tag-france","14":"tag-marseille","15":"tag-news","16":"tag-previsions-meteo","17":"tag-provence-alpes-cote-dazur","18":"tag-republique-francaise"},"share_on_mastodon":{"url":"https:\/\/pubeurope.com\/@fr\/115450038442648301","error":""},"_links":{"self":[{"href":"https:\/\/www.europesays.com\/fr\/wp-json\/wp\/v2\/posts\/494704","targetHints":{"allow":["GET"]}}],"collection":[{"href":"https:\/\/www.europesays.com\/fr\/wp-json\/wp\/v2\/posts"}],"about":[{"href":"https:\/\/www.europesays.com\/fr\/wp-json\/wp\/v2\/types\/post"}],"author":[{"embeddable":true,"href":"https:\/\/www.europesays.com\/fr\/wp-json\/wp\/v2\/users\/2"}],"replies":[{"embeddable":true,"href":"https:\/\/www.europesays.com\/fr\/wp-json\/wp\/v2\/comments?post=494704"}],"version-history":[{"count":0,"href":"https:\/\/www.europesays.com\/fr\/wp-json\/wp\/v2\/posts\/494704\/revisions"}],"wp:featuredmedia":[{"embeddable":true,"href":"https:\/\/www.europesays.com\/fr\/wp-json\/wp\/v2\/media\/494705"}],"wp:attachment":[{"href":"https:\/\/www.europesays.com\/fr\/wp-json\/wp\/v2\/media?parent=494704"}],"wp:term":[{"taxonomy":"category","embeddable":true,"href":"https:\/\/www.europesays.com\/fr\/wp-json\/wp\/v2\/categories?post=494704"},{"taxonomy":"post_tag","embeddable":true,"href":"https:\/\/www.europesays.com\/fr\/wp-json\/wp\/v2\/tags?post=494704"}],"curies":[{"name":"wp","href":"https:\/\/api.w.org\/{rel}","templated":true}]}}