{"id":494706,"date":"2025-10-28T05:02:11","date_gmt":"2025-10-28T05:02:11","guid":{"rendered":"https:\/\/www.europesays.com\/fr\/494706\/"},"modified":"2025-10-28T05:02:11","modified_gmt":"2025-10-28T05:02:11","slug":"ce-maire-de-louest-lyonnais-envisage-de-briguer-un-9e-mandat","status":"publish","type":"post","link":"https:\/\/www.europesays.com\/fr\/494706\/","title":{"rendered":"ce maire de l\u2019Ouest lyonnais envisage de briguer un 9e mandat"},"content":{"rendered":"<p>Il y avait Jean Etienne, maire de Lachassagne pendant 48 ans. En 2020, il avait raccroch\u00e9 l\u2019\u00e9charpe \u00e0 l\u2019issue de huit mandats cons\u00e9cutifs. Il d\u00e9tenait le\u00a0record du mandat de maire le plus long dans le Rh\u00f4ne.<\/p>\n<p>Mais parmi les maires toujours en activit\u00e9, il en est un dont la long\u00e9vit\u00e9 n\u2019a d\u2019\u00e9gal que sa verve, toujours haute en couleurs. \u00c0 75 ans, Max Vincent s\u2019appr\u00eate \u00e0 repartir en campagne, en 2026, pour briguer un neuvi\u00e8me mandat en tant qu\u2019\u00e9lu municipal \u00e0 Limonest. Il affichera alors 49 ann\u00e9es d\u2019\u00e9lu dont 47 en tant que maire.<\/p>\n<p>\u00ab\u00a0Tant que j\u2019ai la sant\u00e9, je continue\u00a0\u00bb<\/p>\n<blockquote class=\"question\"><p>Quarante-six ans en tant que maire, \u00e7a fait d\u00e9j\u00e0 un bail. Pourquoi avez-vous choisi de vous repr\u00e9senter\u00a0?<\/p><\/blockquote>\n<p>\u00ab\u00a0Mon \u00e9nergie est intacte\u00a0! Mais je ne suis pas l\u00e0 <a href=\"https:\/\/www.leprogres.fr\/politique\/2021\/03\/27\/il-est-maire-depuis-42-ans\" target=\"_blank\" rel=\"noopener\">pour battre&#8230;<\/a><\/p>\n","protected":false},"excerpt":{"rendered":"Il y avait Jean Etienne, maire de Lachassagne pendant 48 ans. En 2020, il avait raccroch\u00e9 l\u2019\u00e9charpe \u00e0&hellip;\n","protected":false},"author":2,"featured_media":494707,"comment_status":"","ping_status":"","sticky":false,"template":"","format":"standard","meta":{"footnotes":""},"categories":[1889],"tags":[1111,11,2430,1984,3153,4188,1777,674,107,1011,27,41246,2428,7218,12,316,25,2429,3151],"class_list":{"0":"post-494706","1":"post","2":"type-post","3":"status-publish","4":"format-standard","5":"has-post-thumbnail","7":"category-lyon","8":"tag-actu","9":"tag-actualites","10":"tag-auvergne-rhone-alpes","11":"tag-conseil-municipal","12":"tag-edition-ouest-lyonnais","13":"tag-elections-municipales","14":"tag-eu","15":"tag-europe","16":"tag-fil-info","17":"tag-fr","18":"tag-france","19":"tag-limonest","20":"tag-lyon","21":"tag-neuville-sur-saone-bassin","22":"tag-news","23":"tag-politique","24":"tag-republique-francaise","25":"tag-rhone","26":"tag-selection-de-la-redaction-69"},"share_on_mastodon":{"url":"https:\/\/pubeurope.com\/@fr\/115450042340432392","error":""},"_links":{"self":[{"href":"https:\/\/www.europesays.com\/fr\/wp-json\/wp\/v2\/posts\/494706","targetHints":{"allow":["GET"]}}],"collection":[{"href":"https:\/\/www.europesays.com\/fr\/wp-json\/wp\/v2\/posts"}],"about":[{"href":"https:\/\/www.europesays.com\/fr\/wp-json\/wp\/v2\/types\/post"}],"author":[{"embeddable":true,"href":"https:\/\/www.europesays.com\/fr\/wp-json\/wp\/v2\/users\/2"}],"replies":[{"embeddable":true,"href":"https:\/\/www.europesays.com\/fr\/wp-json\/wp\/v2\/comments?post=494706"}],"version-history":[{"count":0,"href":"https:\/\/www.europesays.com\/fr\/wp-json\/wp\/v2\/posts\/494706\/revisions"}],"wp:featuredmedia":[{"embeddable":true,"href":"https:\/\/www.europesays.com\/fr\/wp-json\/wp\/v2\/media\/494707"}],"wp:attachment":[{"href":"https:\/\/www.europesays.com\/fr\/wp-json\/wp\/v2\/media?parent=494706"}],"wp:term":[{"taxonomy":"category","embeddable":true,"href":"https:\/\/www.europesays.com\/fr\/wp-json\/wp\/v2\/categories?post=494706"},{"taxonomy":"post_tag","embeddable":true,"href":"https:\/\/www.europesays.com\/fr\/wp-json\/wp\/v2\/tags?post=494706"}],"curies":[{"name":"wp","href":"https:\/\/api.w.org\/{rel}","templated":true}]}}