{"id":494708,"date":"2025-10-28T05:03:11","date_gmt":"2025-10-28T05:03:11","guid":{"rendered":"https:\/\/www.europesays.com\/fr\/494708\/"},"modified":"2025-10-28T05:03:11","modified_gmt":"2025-10-28T05:03:11","slug":"le-clubhouse-de-lyon-dresse-le-bilan-de-lannee-grande-cause","status":"publish","type":"post","link":"https:\/\/www.europesays.com\/fr\/494708\/","title":{"rendered":"le Clubhouse de Lyon dresse le bilan de l\u2019ann\u00e9e Grande cause"},"content":{"rendered":"<p>Le Clubhouse de Lyon organise, lundi 24\u00a0novembre, de 14\u00a0h \u00e0 17\u00a0h, \u00e0 l\u2019H\u00f4tel de R\u00e9gion, une conf\u00e9rence intitul\u00e9e \u00ab\u00a0Sant\u00e9 mentale\u00a0: plus qu\u2019une grande cause, une aventure commune\u00a0\u00bb. Au programme, deux tables-rondes. La premi\u00e8re intitul\u00e9e \u00ab\u00a0comment les relations humaines impactent-elles notre bien-\u00eatre mental\u00a0?\u00a0\u00bb \u00e9voquera les th\u00e8mes de la famille, de l\u2019\u00e9cole et de l\u2019entreprise avec Marie Anaut, psychologue, B\u00e9atrice Chirouze, inspectrice d\u2019acad\u00e9mie, Sophie Guenebaut, directrice des Ressources Humaines du Groupes Paredes-Orapi et Jean-Philippe Cavroy, ancien directeur du Clubhouse de Paris, ancien directeur de Sant\u00e9 Mentale France.<\/p>\n<p>La seconde table ronde reviendra sur l\u2019ann\u00e9e de Grande cause et la pr\u00e9vention en sant\u00e9 mentale avec Laurence Potte-Bonneville, d\u00e9l\u00e9gu\u00e9e g\u00e9n\u00e9rale de Sant\u00e9 mentale France, Rapha\u00ebl Bouloudnine, psychiatre et Fabrice Sauli\u00e8re, pair-aidant.<\/p>\n<p class=\"note\">Inscriptions sur <a href=\"https:\/\/my.weezevent.com\/conference-sante-mentale-2025\" target=\"_blank\" rel=\"nofollow noopener\">my.weezevent.com\/conference-sante-mentale-2025<\/a>.<\/p>\n","protected":false},"excerpt":{"rendered":"Le Clubhouse de Lyon organise, lundi 24\u00a0novembre, de 14\u00a0h \u00e0 17\u00a0h, \u00e0 l\u2019H\u00f4tel de R\u00e9gion, une conf\u00e9rence intitul\u00e9e&hellip;\n","protected":false},"author":2,"featured_media":494709,"comment_status":"","ping_status":"","sticky":false,"template":"","format":"standard","meta":{"footnotes":""},"categories":[1889],"tags":[1111,11,2430,2757,1777,674,1011,27,2428,2756,12,25,2429,71],"class_list":{"0":"post-494708","1":"post","2":"type-post","3":"status-publish","4":"format-standard","5":"has-post-thumbnail","7":"category-lyon","8":"tag-actu","9":"tag-actualites","10":"tag-auvergne-rhone-alpes","11":"tag-edition-lyon-villeurbanne","12":"tag-eu","13":"tag-europe","14":"tag-fr","15":"tag-france","16":"tag-lyon","17":"tag-lyon-bassin","18":"tag-news","19":"tag-republique-francaise","20":"tag-rhone","21":"tag-sante"},"share_on_mastodon":{"url":"https:\/\/pubeurope.com\/@fr\/115450046234117806","error":""},"_links":{"self":[{"href":"https:\/\/www.europesays.com\/fr\/wp-json\/wp\/v2\/posts\/494708","targetHints":{"allow":["GET"]}}],"collection":[{"href":"https:\/\/www.europesays.com\/fr\/wp-json\/wp\/v2\/posts"}],"about":[{"href":"https:\/\/www.europesays.com\/fr\/wp-json\/wp\/v2\/types\/post"}],"author":[{"embeddable":true,"href":"https:\/\/www.europesays.com\/fr\/wp-json\/wp\/v2\/users\/2"}],"replies":[{"embeddable":true,"href":"https:\/\/www.europesays.com\/fr\/wp-json\/wp\/v2\/comments?post=494708"}],"version-history":[{"count":0,"href":"https:\/\/www.europesays.com\/fr\/wp-json\/wp\/v2\/posts\/494708\/revisions"}],"wp:featuredmedia":[{"embeddable":true,"href":"https:\/\/www.europesays.com\/fr\/wp-json\/wp\/v2\/media\/494709"}],"wp:attachment":[{"href":"https:\/\/www.europesays.com\/fr\/wp-json\/wp\/v2\/media?parent=494708"}],"wp:term":[{"taxonomy":"category","embeddable":true,"href":"https:\/\/www.europesays.com\/fr\/wp-json\/wp\/v2\/categories?post=494708"},{"taxonomy":"post_tag","embeddable":true,"href":"https:\/\/www.europesays.com\/fr\/wp-json\/wp\/v2\/tags?post=494708"}],"curies":[{"name":"wp","href":"https:\/\/api.w.org\/{rel}","templated":true}]}}