{"id":494726,"date":"2025-10-28T05:13:13","date_gmt":"2025-10-28T05:13:13","guid":{"rendered":"https:\/\/www.europesays.com\/fr\/494726\/"},"modified":"2025-10-28T05:13:13","modified_gmt":"2025-10-28T05:13:13","slug":"lallemagne-et-le-royaume-uni-tirent-la-hausse-de-107-des-ventes-automobiles-europeennes-en-septembre-selon-lacea","status":"publish","type":"post","link":"https:\/\/www.europesays.com\/fr\/494726\/","title":{"rendered":"L&rsquo;Allemagne et le Royaume-Uni tirent la hausse de 10,7\u00a0% des ventes automobiles europ\u00e9ennes en septembre, selon l&rsquo;ACEA"},"content":{"rendered":"<p><img decoding=\"async\" class=\"pr-5\" height=\"30\" alt=\"Logo Renault\" onerror=\"this.onerror=null;this.style.display = 'none'\" src=\"https:\/\/www.europesays.com\/fr\/wp-content\/uploads\/2025\/10\/instruments-squared-4688.png\"\/><br \/>\n        Renault figure parmi les 1ers constructeurs automobiles mondiaux. Le CA par activit\u00e9 se r\u00e9partit comme suit :<\/p>\n<p>&#8211; vente de v\u00e9hicules (89,8%) : 2 264 815 v\u00e9hicules particuliers et utilitaires vendus en 2024, r\u00e9partis par marque entre Renault (1 577 351), Dacia (676 340), Renault Korea Motors (6 539) et Alpine (4 855) ;<\/p>\n<p>&#8211; prestations de services (10,2%) : prestations de financement des ventes (achat, location, cr\u00e9dit-bail, etc.), de services associ\u00e9s (entretien, extension de garantie, assistance, etc.) et de services de mobilit\u00e9.<\/p>\n<p>A fin 2024, le groupe dispose de 25 sites industriels dans le monde.<\/p>\n<p>La r\u00e9partition g\u00e9ographique du CA est la suivante : France (29,9%), Europe (49,8%), Am\u00e9riques (8,3%), Eurasie (5,1%), Asie-Pacifique (3,9%), Afrique et Moyen Orient (3%).<\/p>\n","protected":false},"excerpt":{"rendered":"Renault figure parmi les 1ers constructeurs automobiles mondiaux. Le CA par activit\u00e9 se r\u00e9partit comme suit : &#8211;&hellip;\n","protected":false},"author":2,"featured_media":2490,"comment_status":"","ping_status":"","sticky":false,"template":"","format":"standard","meta":{"footnotes":""},"categories":[1588],"tags":[11,340,1777,674,12,473,1853,1851,1850,1852],"class_list":{"0":"post-494726","1":"post","2":"type-post","3":"status-publish","4":"format-standard","5":"has-post-thumbnail","7":"category-royaume-uni","8":"tag-actualites","9":"tag-bourse","10":"tag-eu","11":"tag-europe","12":"tag-news","13":"tag-royaume-uni","14":"tag-royaume-uni-de-grande-bretagne-et-dirlande-du-nord","15":"tag-uk","16":"tag-united-kingdom","17":"tag-united-kingdom-of-great-britain-and-northern-ireland"},"share_on_mastodon":{"url":"https:\/\/pubeurope.com\/@fr\/115450086392334717","error":""},"_links":{"self":[{"href":"https:\/\/www.europesays.com\/fr\/wp-json\/wp\/v2\/posts\/494726","targetHints":{"allow":["GET"]}}],"collection":[{"href":"https:\/\/www.europesays.com\/fr\/wp-json\/wp\/v2\/posts"}],"about":[{"href":"https:\/\/www.europesays.com\/fr\/wp-json\/wp\/v2\/types\/post"}],"author":[{"embeddable":true,"href":"https:\/\/www.europesays.com\/fr\/wp-json\/wp\/v2\/users\/2"}],"replies":[{"embeddable":true,"href":"https:\/\/www.europesays.com\/fr\/wp-json\/wp\/v2\/comments?post=494726"}],"version-history":[{"count":0,"href":"https:\/\/www.europesays.com\/fr\/wp-json\/wp\/v2\/posts\/494726\/revisions"}],"wp:featuredmedia":[{"embeddable":true,"href":"https:\/\/www.europesays.com\/fr\/wp-json\/wp\/v2\/media\/2490"}],"wp:attachment":[{"href":"https:\/\/www.europesays.com\/fr\/wp-json\/wp\/v2\/media?parent=494726"}],"wp:term":[{"taxonomy":"category","embeddable":true,"href":"https:\/\/www.europesays.com\/fr\/wp-json\/wp\/v2\/categories?post=494726"},{"taxonomy":"post_tag","embeddable":true,"href":"https:\/\/www.europesays.com\/fr\/wp-json\/wp\/v2\/tags?post=494726"}],"curies":[{"name":"wp","href":"https:\/\/api.w.org\/{rel}","templated":true}]}}