{"id":494729,"date":"2025-10-28T05:15:18","date_gmt":"2025-10-28T05:15:18","guid":{"rendered":"https:\/\/www.europesays.com\/fr\/494729\/"},"modified":"2025-10-28T05:15:18","modified_gmt":"2025-10-28T05:15:18","slug":"les-ventes-de-voitures-en-europe-ont-progresse-de-107-en-septembre-acea-28-10-2025-a-0601","status":"publish","type":"post","link":"https:\/\/www.europesays.com\/fr\/494729\/","title":{"rendered":"Les ventes de voitures en Europe ont progress\u00e9 de 10,7% en septembre &#8211; ACEA &#8211; 28\/10\/2025 \u00e0 06:01"},"content":{"rendered":"<p>\n Les ventes de v\u00e9hicules neufs en<br \/>\nEurope ont progress\u00e9 de 10,7% sur un an en septembre, port\u00e9es<br \/>\npar des hausses dans la plupart des march\u00e9s et aux premiers<br \/>\nrangs desquels l&rsquo;Allemagne et en Grande-Bretagne, montre un<br \/>\nrapport publi\u00e9 mardi par l&rsquo;Association des constructeurs<br \/>\neurop\u00e9ens d&rsquo;automobiles (ACEA).\n<\/p>\n<p>\n Selon les donn\u00e9es de l&rsquo;ACEA, 1,237 million de voitures<br \/>\nneuves ont au total \u00e9t\u00e9 vendues le mois dernier dans l&rsquo;Union<br \/>\neurop\u00e9enne, en Grande-Bretagne et dans l&rsquo;espace de l&rsquo;Association<br \/>\neurop\u00e9enne de libre-\u00e9change.\n<\/p>\n<p>\n Les nouvelles immatriculations de v\u00e9hicules \u00e0 batterie<br \/>\n\u00e9lectrique dans l&rsquo;UE ont augment\u00e9 de 20%, celles des v\u00e9hicules<br \/>\ncompl\u00e8tement hybrides ont progress\u00e9 de 15,9%, et celles des<br \/>\nv\u00e9hicules hybrides rechargeables ont bondi de 65,4%.\n<\/p>\n<p>\n Au total, les voitures \u00e9lectrifi\u00e9es ont repr\u00e9sent\u00e9 en<br \/>\nseptembre environ 64% des nouvelles immatriculations dans le<br \/>\nbloc communautaire, contre 57% un an plus t\u00f4t.\n<\/p>\n<p>\n Stellantis<br \/>\n <a href=\"https:\/\/www.boursorama.com\/cours\/1gSTLAM\/\" rel=\"nofollow noopener\" target=\"_blank\"><br \/>\n  STLAM.MI<br \/>\n <\/a><br \/>\n a vu ses ventes augmenter de 11,5% le<br \/>\nmois dernier dans l&rsquo;UE, en Grande-Bretagne et dans l&rsquo;espace de<br \/>\nl&rsquo;Association europ\u00e9enne de libre-\u00e9change. Les ventes de Renault\n<\/p>\n<p>\n <a href=\"https:\/\/www.boursorama.com\/cours\/1rPRNO\/\" rel=\"nofollow noopener\" target=\"_blank\"><br \/>\n  RENA.PA<br \/>\n <\/a><br \/>\n ont grimp\u00e9 de 15,2%, celles de Volkswagen<br \/>\n <a href=\"https:\/\/www.boursorama.com\/cours\/1zVOW\/\" rel=\"nofollow noopener\" target=\"_blank\"><br \/>\n  VOWG.DE<br \/>\n <\/a><br \/>\n de<br \/>\n9,7%.\n<\/p>\n<p>\n Les ventes de Tesla<br \/>\n <a href=\"https:\/\/www.boursorama.com\/cours\/TSLA\/\" rel=\"nofollow noopener\" target=\"_blank\"><br \/>\n  TSLA.O<br \/>\n <\/a><br \/>\n ont \u00e0 nouveau d\u00e9clin\u00e9 dans<br \/>\nl&rsquo;UE, de 10,5%, avec pour effet de voir sa part du march\u00e9<br \/>\neurop\u00e9en passer en un an de 4% \u00e0 3,2% le mois dernier.\n<\/p>\n<p>\n BYD  002594.SZ  a vu ses ventes bondir de 398% sur un an,<br \/>\nportant \u00e0 2% sa part du march\u00e9 europ\u00e9en contre 0,4% en septembre<br \/>\n2024.\n<\/p>\n<p>\n (Amir Orusov; version fran\u00e7aise Jean Terzian)<\/p>\n","protected":false},"excerpt":{"rendered":"Les ventes de v\u00e9hicules neufs en Europe ont progress\u00e9 de 10,7% sur un an en septembre, port\u00e9es par&hellip;\n","protected":false},"author":2,"featured_media":8765,"comment_status":"","ping_status":"","sticky":false,"template":"","format":"standard","meta":{"footnotes":""},"categories":[1586],"tags":[400,11,398,408,405,1777,674,1011,27,403,402,399,404,12,25,401,406,407],"class_list":{"0":"post-494729","1":"post","2":"type-post","3":"status-publish","4":"format-standard","5":"has-post-thumbnail","7":"category-europe","8":"tag-action-cac-40","9":"tag-actualites","10":"tag-bourse-de-paris","11":"tag-boursorama","12":"tag-cotations","13":"tag-eu","14":"tag-europe","15":"tag-fr","16":"tag-france","17":"tag-indices-devises","18":"tag-investir","19":"tag-investissement","20":"tag-marche-boursier","21":"tag-news","22":"tag-republique-francaise","23":"tag-sicav","24":"tag-trackers","25":"tag-warrants"},"share_on_mastodon":{"url":"https:\/\/pubeurope.com\/@fr\/115450093478106955","error":""},"_links":{"self":[{"href":"https:\/\/www.europesays.com\/fr\/wp-json\/wp\/v2\/posts\/494729","targetHints":{"allow":["GET"]}}],"collection":[{"href":"https:\/\/www.europesays.com\/fr\/wp-json\/wp\/v2\/posts"}],"about":[{"href":"https:\/\/www.europesays.com\/fr\/wp-json\/wp\/v2\/types\/post"}],"author":[{"embeddable":true,"href":"https:\/\/www.europesays.com\/fr\/wp-json\/wp\/v2\/users\/2"}],"replies":[{"embeddable":true,"href":"https:\/\/www.europesays.com\/fr\/wp-json\/wp\/v2\/comments?post=494729"}],"version-history":[{"count":0,"href":"https:\/\/www.europesays.com\/fr\/wp-json\/wp\/v2\/posts\/494729\/revisions"}],"wp:featuredmedia":[{"embeddable":true,"href":"https:\/\/www.europesays.com\/fr\/wp-json\/wp\/v2\/media\/8765"}],"wp:attachment":[{"href":"https:\/\/www.europesays.com\/fr\/wp-json\/wp\/v2\/media?parent=494729"}],"wp:term":[{"taxonomy":"category","embeddable":true,"href":"https:\/\/www.europesays.com\/fr\/wp-json\/wp\/v2\/categories?post=494729"},{"taxonomy":"post_tag","embeddable":true,"href":"https:\/\/www.europesays.com\/fr\/wp-json\/wp\/v2\/tags?post=494729"}],"curies":[{"name":"wp","href":"https:\/\/api.w.org\/{rel}","templated":true}]}}