{"id":494730,"date":"2025-10-28T05:16:13","date_gmt":"2025-10-28T05:16:13","guid":{"rendered":"https:\/\/www.europesays.com\/fr\/494730\/"},"modified":"2025-10-28T05:16:13","modified_gmt":"2025-10-28T05:16:13","slug":"ue-chine-nouvelles-mesures-antidumping-pour-les-vis-sans-tete-et-les-patins-de-chenille-en-acier","status":"publish","type":"post","link":"https:\/\/www.europesays.com\/fr\/494730\/","title":{"rendered":"UE &#8211; Chine : Nouvelles mesures antidumping pour les vis sans t\u00eate et les patins de chenille en acier"},"content":{"rendered":"<p>L&rsquo;UE continue de r\u00e9glementer les importations depuis la Chine avec de nouvelles mesures antidumping. Cette fois, ce sont les vis sans t\u00eate et les patins de chenille en acier qui sont concern\u00e9s par deux nouveaux r\u00e8glements publi\u00e9s \u00e0 la suite d&rsquo;enqu\u00eates.\u00a0 R\u00e9cemment, la Commission europ\u00e9enne a conclu deux enqu\u00eates antidumping, imposant des droits d\u00e9finitifs sur [\u2026]<\/p>\n","protected":false},"excerpt":{"rendered":"L&rsquo;UE continue de r\u00e9glementer les importations depuis la Chine avec de nouvelles mesures antidumping. Cette fois, ce sont&hellip;\n","protected":false},"author":2,"featured_media":494731,"comment_status":"","ping_status":"","sticky":false,"template":"","format":"standard","meta":{"footnotes":""},"categories":[1586],"tags":[7662,11,309,61734,1777,674,1779,1011,27,12,61735,61736,25,1778,364,61737],"class_list":{"0":"post-494730","1":"post","2":"type-post","3":"status-publish","4":"format-standard","5":"has-post-thumbnail","7":"category-europe","8":"tag-acier","9":"tag-actualites","10":"tag-chine","11":"tag-droits-antidumping","12":"tag-eu","13":"tag-europe","14":"tag-european-union","15":"tag-fr","16":"tag-france","17":"tag-news","18":"tag-patins-de-chenille","19":"tag-reglement-antidumping","20":"tag-republique-francaise","21":"tag-ue","22":"tag-union-europeenne","23":"tag-vis"},"share_on_mastodon":{"url":"https:\/\/pubeurope.com\/@fr\/115450097392928805","error":""},"_links":{"self":[{"href":"https:\/\/www.europesays.com\/fr\/wp-json\/wp\/v2\/posts\/494730","targetHints":{"allow":["GET"]}}],"collection":[{"href":"https:\/\/www.europesays.com\/fr\/wp-json\/wp\/v2\/posts"}],"about":[{"href":"https:\/\/www.europesays.com\/fr\/wp-json\/wp\/v2\/types\/post"}],"author":[{"embeddable":true,"href":"https:\/\/www.europesays.com\/fr\/wp-json\/wp\/v2\/users\/2"}],"replies":[{"embeddable":true,"href":"https:\/\/www.europesays.com\/fr\/wp-json\/wp\/v2\/comments?post=494730"}],"version-history":[{"count":0,"href":"https:\/\/www.europesays.com\/fr\/wp-json\/wp\/v2\/posts\/494730\/revisions"}],"wp:featuredmedia":[{"embeddable":true,"href":"https:\/\/www.europesays.com\/fr\/wp-json\/wp\/v2\/media\/494731"}],"wp:attachment":[{"href":"https:\/\/www.europesays.com\/fr\/wp-json\/wp\/v2\/media?parent=494730"}],"wp:term":[{"taxonomy":"category","embeddable":true,"href":"https:\/\/www.europesays.com\/fr\/wp-json\/wp\/v2\/categories?post=494730"},{"taxonomy":"post_tag","embeddable":true,"href":"https:\/\/www.europesays.com\/fr\/wp-json\/wp\/v2\/tags?post=494730"}],"curies":[{"name":"wp","href":"https:\/\/api.w.org\/{rel}","templated":true}]}}