{"id":494754,"date":"2025-10-28T05:34:14","date_gmt":"2025-10-28T05:34:14","guid":{"rendered":"https:\/\/www.europesays.com\/fr\/494754\/"},"modified":"2025-10-28T05:34:14","modified_gmt":"2025-10-28T05:34:14","slug":"un-long-metrage-qui-ne-fait-pas-lunanimite","status":"publish","type":"post","link":"https:\/\/www.europesays.com\/fr\/494754\/","title":{"rendered":"un long-m\u00e9trage qui ne fait pas l&rsquo;unanimit\u00e9"},"content":{"rendered":"<p>Sorti en 2010, le film documentaire Senna retrace la vie et la carri\u00e8re fulgurante d\u2019un des plus grands pilotes de Formule 1, Ayrton Senna da Silva. R\u00e9alis\u00e9 par Asif Kapadia, ce long-m\u00e9trage s\u2019appuie exclusivement sur des images d\u2019archives in\u00e9dites, des enregistrements audio et des interviews, pour plonger le spectateur au c\u0153ur de l\u2019univers de la course automobile des ann\u00e9es 1980 et 1990. Plus qu\u2019un simple portrait, Senna offre une immersion profonde dans la personnalit\u00e9 complexe d\u2019un homme anim\u00e9 par la passion, la foi et l\u2019ambition de repousser les limites, tout en exposant les enjeux sportifs, humains et politiques du paddock de l\u2019\u00e9poque.<\/p>\n<p>Le film d\u00e9bute par les premiers pas d\u2019Ayrton Senna dans le karting au Br\u00e9sil, puis suit son ascension fulgurante jusqu\u2019\u00e0 la Formule 1, o\u00f9 il s\u2019impose rapidement comme un pilote hors norme. D\u00e8s ses d\u00e9buts chez Toleman, puis Lotus, Senna impressionne par son style agressif et sa capacit\u00e9 \u00e0 transcender les contraintes techniques. Mais c\u2019est surtout au sein de l\u2019\u00e9curie McLaren, aux c\u00f4t\u00e9s d\u2019Alain Prost, que la l\u00e9gende s\u2019\u00e9crit. La rivalit\u00e9 entre les deux pilotes, faite de respect, de tension et parfois de conflits ouverts, constitue l\u2019un des fils rouges du documentaire, illustrant la dimension psychologique et strat\u00e9gique du sport automobile.<\/p>\n<p>Senna se distingue par sa narration rythm\u00e9e et immersive\u202f: le spectateur est constamment plong\u00e9 dans l\u2019action gr\u00e2ce au montage dynamique, alternant images de courses spectaculaires, extraits de conf\u00e9rences de presse et moments de vie priv\u00e9e. La bande-son, discr\u00e8te mais poignante, accompagne les \u00e9motions fortes du r\u00e9cit, allant de la joie des victoires \u00e0 la d\u00e9tresse des \u00e9checs et controverses. Le documentaire met en lumi\u00e8re la dimension spirituelle d\u2019Ayrton Senna, sa foi chr\u00e9tienne profonde, sa sensibilit\u00e9 aux injustices et son engagement envers les enfants d\u00e9favoris\u00e9s de son pays natal, le Br\u00e9sil.<\/p>\n<p>Le film revient avec force sur les moments cl\u00e9s de la carri\u00e8re du pilote, tels que ses trois titres mondiaux (1988, 1990, 1991), ses duels m\u00e9morables avec Prost, et sa relation parfois conflictuelle avec la F\u00e9d\u00e9ration Internationale de l\u2019Automobile (FIA), notamment lors du Grand Prix du Japon 1989 et 1990. Senna appara\u00eet comme un homme int\u00e8gre, parfois incompris, qui n\u2019h\u00e9site pas \u00e0 d\u00e9noncer les injustices du syst\u00e8me et \u00e0 affirmer ses convictions, quitte \u00e0 se mettre en porte-\u00e0-faux avec les instances dirigeantes.<\/p>\n<p>Le point culminant du documentaire reste la saison 1994, marqu\u00e9e par l\u2019arriv\u00e9e de Senna chez Williams et, tragiquement, par l\u2019accident fatal survenu au Grand Prix de Saint-Marin \u00e0 Imola. La r\u00e9alisation parvient \u00e0 traiter ce moment avec une grande pudeur et \u00e9motion, soulignant l\u2019impact immense de la disparition de Senna sur le monde du sport automobile et sur des millions de fans \u00e0 travers le globe. Le film \u00e9voque \u00e9galement les cons\u00e9quences de cette trag\u00e9die, qui ont conduit \u00e0 une am\u00e9lioration significative de la s\u00e9curit\u00e9 en Formule 1.<\/p>\n<p>Senna a \u00e9t\u00e9 salu\u00e9 par la critique pour sa capacit\u00e9 \u00e0 capturer la complexit\u00e9 d\u2019un champion, \u00e0 la fois h\u00e9ros national et figure universelle du d\u00e9passement de soi. Le documentaire a re\u00e7u de nombreux prix, dont le BAFTA du meilleur montage, et a conquis un large public, bien au-del\u00e0 des passionn\u00e9s de sport automobile. En mettant en avant l\u2019humanit\u00e9, les doutes et les r\u00eaves d\u2019Ayrton Senna, le film interroge la notion de l\u00e9gende et l\u2019h\u00e9ritage laiss\u00e9 par ce pilote exceptionnel, dont la m\u00e9moire continue d\u2019inspirer les g\u00e9n\u00e9rations suivantes.<\/p>\n<p>En d\u00e9finitive, Senna est bien plus qu\u2019un documentaire sportif\u202f: c\u2019est une \u0153uvre qui c\u00e9l\u00e8bre la vie, la passion et l\u2019engagement, tout en offrant une r\u00e9flexion sur la qu\u00eate du sens et de l\u2019excellence. Une ode vibrante \u00e0 la m\u00e9moire d\u2019un homme qui, par son talent et sa personnalit\u00e9, a marqu\u00e9 l\u2019histoire de la Formule 1 et du sport mondial.<\/p>\n","protected":false},"excerpt":{"rendered":"Sorti en 2010, le film documentaire Senna retrace la vie et la carri\u00e8re fulgurante d\u2019un des plus grands&hellip;\n","protected":false},"author":2,"featured_media":494755,"comment_status":"","ping_status":"","sticky":false,"template":"","format":"standard","meta":{"footnotes":""},"categories":[1354],"tags":[5080,5081,12718,61740,58,1190,59,1451,5083,5084,5086,2081,1346,1454,1011,27,1360,5089,61741],"class_list":{"0":"post-494754","1":"post","2":"type-post","3":"status-publish","4":"format-standard","5":"has-post-thumbnail","7":"category-films","8":"tag-actualites-f1","9":"tag-actuf1","10":"tag-ayrton-senna","11":"tag-bande-annonce-senna","12":"tag-divertissement","13":"tag-documentaire","14":"tag-entertainment","15":"tag-f1","16":"tag-f1-actu","17":"tag-f1-direct","18":"tag-f1-news","19":"tag-film","20":"tag-films","21":"tag-formule-1","22":"tag-fr","23":"tag-france","24":"tag-movies","25":"tag-news-f1","26":"tag-senna-le-film"},"share_on_mastodon":{"url":"https:\/\/pubeurope.com\/@fr\/115450168155366971","error":""},"_links":{"self":[{"href":"https:\/\/www.europesays.com\/fr\/wp-json\/wp\/v2\/posts\/494754","targetHints":{"allow":["GET"]}}],"collection":[{"href":"https:\/\/www.europesays.com\/fr\/wp-json\/wp\/v2\/posts"}],"about":[{"href":"https:\/\/www.europesays.com\/fr\/wp-json\/wp\/v2\/types\/post"}],"author":[{"embeddable":true,"href":"https:\/\/www.europesays.com\/fr\/wp-json\/wp\/v2\/users\/2"}],"replies":[{"embeddable":true,"href":"https:\/\/www.europesays.com\/fr\/wp-json\/wp\/v2\/comments?post=494754"}],"version-history":[{"count":0,"href":"https:\/\/www.europesays.com\/fr\/wp-json\/wp\/v2\/posts\/494754\/revisions"}],"wp:featuredmedia":[{"embeddable":true,"href":"https:\/\/www.europesays.com\/fr\/wp-json\/wp\/v2\/media\/494755"}],"wp:attachment":[{"href":"https:\/\/www.europesays.com\/fr\/wp-json\/wp\/v2\/media?parent=494754"}],"wp:term":[{"taxonomy":"category","embeddable":true,"href":"https:\/\/www.europesays.com\/fr\/wp-json\/wp\/v2\/categories?post=494754"},{"taxonomy":"post_tag","embeddable":true,"href":"https:\/\/www.europesays.com\/fr\/wp-json\/wp\/v2\/tags?post=494754"}],"curies":[{"name":"wp","href":"https:\/\/api.w.org\/{rel}","templated":true}]}}